{"id":2925,"date":"2017-08-29T13:59:03","date_gmt":"2017-08-29T16:59:03","guid":{"rendered":"https:\/\/hostnetart.com.br\/baixada\/contraf-cut-e-asabb-debatem-conjuntura-e-mudancas-nas-leis-trabalhistas\/"},"modified":"2017-08-29T13:59:03","modified_gmt":"2017-08-29T16:59:03","slug":"contraf-cut-e-asabb-debatem-conjuntura-e-mudancas-nas-leis-trabalhistas","status":"publish","type":"post","link":"https:\/\/hostnetart.com.br\/baixada\/contraf-cut-e-asabb-debatem-conjuntura-e-mudancas-nas-leis-trabalhistas\/","title":{"rendered":"Contraf-CUT e ASABB debatem conjuntura e mudan\u00e7as nas leis trabalhistas"},"content":{"rendered":"<p>A Confedera\u00e7\u00e3o Nacional dos Trabalhadores do Ramo Financeiro (Contraf-CUT) se reuniu nesta segunda-feira (28), em sua sede, em S\u00e3o Paulo, com a Associa\u00e7\u00e3o dos Advogados do Banco do Brasil (ASABB) para debater quest\u00f5es que envolvem a defesa do banco e dos direitos dos funcion\u00e1rios do BB.<\/p>\n<p>A ofensiva do governo Temer contra os bancos p\u00fablicos, quest\u00f5es do direito do trabalho e os processos de reestrutura\u00e7\u00e3o do BB e da Caixa Econ\u00f4mica Federal, com possibilidades de privatiza\u00e7\u00e3o, n\u00e3o apenas dos bancos p\u00fablicos, mas tamb\u00e9m das demais empresas p\u00fablicas foram alguns dos temas em pauta.<\/p>\n<p>\u201cA situa\u00e7\u00e3o \u00e9 preocupante. Antes, mesmo se algum sindicato n\u00e3o conseguia obter avan\u00e7os para os trabalhadores que representa, havia um arcabou\u00e7o jur\u00eddico que impedia a redu\u00e7\u00e3o de direitos. Com a nova legisla\u00e7\u00e3o trabalhista \u00e9 poss\u00edvel fazer a negocia\u00e7\u00e3o direta com alguns trabalhadores, sem o aux\u00edlio dos sindicatos\u201d, disse Carlos de Souza, secret\u00e1rio Geral da Contraf-CUT.<\/p>\n<p>Para o presidente da ASABB, Luiz Roberto Ferreira Vaz, haver\u00e1 resist\u00eancia contra a retirada de direitos dos trabalhadores. \u201cExistem questionamentos quanto a constitucionalidades de alguns artigos da nova lei e haver\u00e1 oposi\u00e7\u00e3o n\u00e3o apenas dos trabalhadores. A maior resist\u00eancia vir\u00e1 da parte da Justi\u00e7a do Trabalho\u201d, observou.<\/p>\n<p><strong>A\u00e7\u00f5es pr\u00e1ticas<\/strong><br \/>A reuni\u00e3o serviu tamb\u00e9m para o levantamento de quest\u00f5es que podem ser tocadas em colabora\u00e7\u00e3o entre as entidades, sindicatos e federa\u00e7\u00f5es de trabalhadores.<\/p>\n<p>\u201cEsta foi a primeira de uma s\u00e9rie de reuni\u00f5es que faremos para organizar a\u00e7\u00f5es pr\u00e1ticas na defesa dos funcion\u00e1rios e de seus direitos\u201d, destacou o secret\u00e1rio Geral da Contraf-CUT.<\/p>\n<p><strong><em>Fonte: Contraf-CUT<\/em><\/strong><\/p>\n","protected":false},"excerpt":{"rendered":"<p>A Confedera\u00e7\u00e3o Nacional dos Trabalhadores do Ramo Financeiro (Contraf-CUT) se reuniu nesta segunda-feira (28), em sua sede, em S\u00e3o Paulo, com a Associa\u00e7\u00e3o dos Advogados do Banco do Brasil (ASABB) para debater quest\u00f5es que envolvem a defesa do banco e dos direitos dos funcion\u00e1rios do BB. A ofensiva do governo Temer contra os bancos p\u00fablicos, [&hellip;]<\/p>\n","protected":false},"author":2,"featured_media":2924,"comment_status":"","ping_status":"","sticky":false,"template":"","format":"standard","meta":{"footnotes":""},"categories":[3],"tags":[],"class_list":["post-2925","post","type-post","status-publish","format-standard","has-post-thumbnail","hentry","category-noticias"],"_links":{"self":[{"href":"https:\/\/hostnetart.com.br\/baixada\/wp-json\/wp\/v2\/posts\/2925","targetHints":{"allow":["GET"]}}],"collection":[{"href":"https:\/\/hostnetart.com.br\/baixada\/wp-json\/wp\/v2\/posts"}],"about":[{"href":"https:\/\/hostnetart.com.br\/baixada\/wp-json\/wp\/v2\/types\/post"}],"author":[{"embeddable":true,"href":"https:\/\/hostnetart.com.br\/baixada\/wp-json\/wp\/v2\/users\/2"}],"replies":[{"embeddable":true,"href":"https:\/\/hostnetart.com.br\/baixada\/wp-json\/wp\/v2\/comments?post=2925"}],"version-history":[{"count":0,"href":"https:\/\/hostnetart.com.br\/baixada\/wp-json\/wp\/v2\/posts\/2925\/revisions"}],"wp:featuredmedia":[{"embeddable":true,"href":"https:\/\/hostnetart.com.br\/baixada\/wp-json\/wp\/v2\/media\/2924"}],"wp:attachment":[{"href":"https:\/\/hostnetart.com.br\/baixada\/wp-json\/wp\/v2\/media?parent=2925"}],"wp:term":[{"taxonomy":"category","embeddable":true,"href":"https:\/\/hostnetart.com.br\/baixada\/wp-json\/wp\/v2\/categories?post=2925"},{"taxonomy":"post_tag","embeddable":true,"href":"https:\/\/hostnetart.com.br\/baixada\/wp-json\/wp\/v2\/tags?post=2925"}],"curies":[{"name":"wp","href":"https:\/\/api.w.org\/{rel}","templated":true}]}}