{"id":2923,"date":"2017-08-28T15:41:29","date_gmt":"2017-08-28T18:41:29","guid":{"rendered":"https:\/\/hostnetart.com.br\/baixada\/28-de-agosto-dia-do-bancario-dia-de-luta\/"},"modified":"2017-08-28T15:41:29","modified_gmt":"2017-08-28T18:41:29","slug":"28-de-agosto-dia-do-bancario-dia-de-luta","status":"publish","type":"post","link":"https:\/\/hostnetart.com.br\/baixada\/28-de-agosto-dia-do-bancario-dia-de-luta\/","title":{"rendered":"28 de agosto, Dia do Banc\u00e1rio! Dia de luta!"},"content":{"rendered":"<p><em><span style=\"text-decoration: underline;\">Data recorda greve de 69 dias em 1951, que contribuiu com surgimento de sindicatos e do Dieese<\/span><\/em><\/p>\n<p>Foi no dia 28 de agosto, em 1951, que os banc\u00e1rios decidiram cruzar os bra\u00e7os para reivindicar um reajuste salarial 40%. Os bancos queriam dar apenas 20%.<\/p>\n<p>Os \u00edndices oficiais do governo na \u00e9poca apontavam um aumento de 15,4% no custo de vida. Os banc\u00e1rios refizeram os c\u00e1lculos e o pr\u00f3prio governo teve que rever seus \u00edndices, que saltou para impressionantes 30,7%. Depois de 69 dias de paralisa\u00e7\u00e3o, os banc\u00e1rios conquistaram 31% de reajuste. Foi a maior greve da hist\u00f3ria da categoria. O dia 28 de agosto passou a ser considerado como o Dia do Banc\u00e1rio.<\/p>\n<p><strong>Import\u00e2ncia da greve<\/strong><br \/>Mas, al\u00e9m do reajuste, a greve de 1951 tamb\u00e9m fez surgir sindicatos de banc\u00e1rios em v\u00e1rios pontos do pa\u00eds. Assim, tamb\u00e9m \u00e9 indiscut\u00edvel a import\u00e2ncia da greve para a organiza\u00e7\u00e3o da luta da categoria, que de l\u00e1 para c\u00e1 obteve muitas outras conquistas e, inclusive, \u00e9 a \u00fanica do pa\u00eds com um Conven\u00e7\u00e3o Coletiva de Trabalho (CCT) nacional.<\/p>\n<p>Outro m\u00e9rito da greve de 1951, foi a contesta\u00e7\u00e3o dos dados oficiais do governo. A partir desta contesta\u00e7\u00e3o surgiram as bases para a cria\u00e7\u00e3o do Departamento Intersindical de Estat\u00edstica e Estudos Socioecon\u00f4micos (Dieese). O Dieese surgiu com o objetivo de municiar os trabalhadores com dados estat\u00edsticos confi\u00e1veis.<\/p>\n<p>Em S\u00e3o Paulo, a data deu nome \u00e0 faculdade criada pelo Sindicato dos Banc\u00e1rios de S\u00e3o Paulo, Osasco e Regi\u00e3o e pela Federa\u00e7\u00e3o dos Banc\u00e1rios da CUT de S\u00e3o Paulo (Fetec-CUT\/SP).<\/p>\n<p><strong>Funda\u00e7\u00e3o da CUT<\/strong><br \/>O dia 28 de agosto tamb\u00e9m deve ser comemorado como dia de luta por ser o dia de funda\u00e7\u00e3o da Central \u00danica dos Trabalhadores (CUT), durante o 1\u00ba Congresso Nacional da Classe Trabalhadora (Conclat), em 1983. Ainda durante a ditadura militar (leia mais no site da CUT).<\/p>\n<p><em><strong>Fonte: Contraf-CUT<\/strong><\/em><\/p>\n","protected":false},"excerpt":{"rendered":"<p>Data recorda greve de 69 dias em 1951, que contribuiu com surgimento de sindicatos e do Dieese Foi no dia 28 de agosto, em 1951, que os banc\u00e1rios decidiram cruzar os bra\u00e7os para reivindicar um reajuste salarial 40%. Os bancos queriam dar apenas 20%. Os \u00edndices oficiais do governo na \u00e9poca apontavam um aumento de [&hellip;]<\/p>\n","protected":false},"author":2,"featured_media":2922,"comment_status":"","ping_status":"","sticky":false,"template":"","format":"standard","meta":{"footnotes":""},"categories":[3],"tags":[],"class_list":["post-2923","post","type-post","status-publish","format-standard","has-post-thumbnail","hentry","category-noticias"],"_links":{"self":[{"href":"https:\/\/hostnetart.com.br\/baixada\/wp-json\/wp\/v2\/posts\/2923","targetHints":{"allow":["GET"]}}],"collection":[{"href":"https:\/\/hostnetart.com.br\/baixada\/wp-json\/wp\/v2\/posts"}],"about":[{"href":"https:\/\/hostnetart.com.br\/baixada\/wp-json\/wp\/v2\/types\/post"}],"author":[{"embeddable":true,"href":"https:\/\/hostnetart.com.br\/baixada\/wp-json\/wp\/v2\/users\/2"}],"replies":[{"embeddable":true,"href":"https:\/\/hostnetart.com.br\/baixada\/wp-json\/wp\/v2\/comments?post=2923"}],"version-history":[{"count":0,"href":"https:\/\/hostnetart.com.br\/baixada\/wp-json\/wp\/v2\/posts\/2923\/revisions"}],"wp:featuredmedia":[{"embeddable":true,"href":"https:\/\/hostnetart.com.br\/baixada\/wp-json\/wp\/v2\/media\/2922"}],"wp:attachment":[{"href":"https:\/\/hostnetart.com.br\/baixada\/wp-json\/wp\/v2\/media?parent=2923"}],"wp:term":[{"taxonomy":"category","embeddable":true,"href":"https:\/\/hostnetart.com.br\/baixada\/wp-json\/wp\/v2\/categories?post=2923"},{"taxonomy":"post_tag","embeddable":true,"href":"https:\/\/hostnetart.com.br\/baixada\/wp-json\/wp\/v2\/tags?post=2923"}],"curies":[{"name":"wp","href":"https:\/\/api.w.org\/{rel}","templated":true}]}}