{"id":2921,"date":"2017-08-28T15:39:52","date_gmt":"2017-08-28T18:39:52","guid":{"rendered":"https:\/\/hostnetart.com.br\/baixada\/gdp-da-caixa-coloca-empregado-numa-encruzilhada\/"},"modified":"2017-08-28T15:39:52","modified_gmt":"2017-08-28T18:39:52","slug":"gdp-da-caixa-coloca-empregado-numa-encruzilhada","status":"publish","type":"post","link":"https:\/\/hostnetart.com.br\/baixada\/gdp-da-caixa-coloca-empregado-numa-encruzilhada\/","title":{"rendered":"GDP da Caixa coloca empregado numa encruzilhada"},"content":{"rendered":"<p><em><span style=\"text-decoration: underline;\">Quem assinar o documento pode ser descomissionado, quem n\u00e3o assinar fica prejudicado em sele\u00e7\u00f5es internas<\/span><\/em><\/p>\n<p>A Ger\u00eancia de Gest\u00e3o de Pessoas da Caixa Econ\u00f4mica Federal divulgou nesta sexta-feira (25) um informe sobre o programa de Gest\u00e3o de Desempenho de Pessoas (GDP). A medida, realizada em atendimento \u00e0 press\u00e3o dos representantes dos trabalhadores, que conseguiram que o banco esclarecesse os procedimentos durante a reuni\u00e3o da mesa de negocia\u00e7\u00f5es permanentes, ocorrida no dia 15 de agosto, n\u00e3o foi suficiente para esclarecer sobre as consequ\u00eancias geradas pela assinatura no acordo para ades\u00e3o ao programa, bem como para aqueles que n\u00e3o assinarem.<\/p>\n<p>\u201cO comunicado foi enviado na data limite que havia sido combinada. Mas, n\u00e3o traz muitos esclarecimentos. Mas se parece com uma publicidade em defesa do GDP. Diz, por exemplo, que a avalia\u00e7\u00e3o do desempenho \u00e9 uma necessidade apontada pelos empregados. No entanto, n\u00e3o dizem que os empregados tamb\u00e9m pedem que as metas sejam estabelecidas coletivamente com a participa\u00e7\u00e3o deles\u201d, disse Dion\u00edsio Reis, coordenador da Comiss\u00e3o Executiva de Empregados da Caixa.<\/p>\n<p>\u201cA \u00fanica coisa que ficou clara \u00e9 que a Caixa quer colocar o empregado em uma encruzilhada. Se ele assinar o acordo, pode perder o comissionamento de fun\u00e7\u00e3o gratificada se for classificado como incipiente ou emergente, como prev\u00ea o RH 184. Se ele n\u00e3o assinar, ele fica prejudicado em processos seletivos internos\u201d, concluiu.<\/p>\n<p><strong>Ass\u00e9dio moral<\/strong><br \/>Para os representantes dos empregados, da forma como est\u00e1 estabelecido, o programa ser\u00e1 mais um mecanismo utilizado para fazer press\u00e3o pelo cumprimento de metas abusivas. \u201cSomos contra o GDP. N\u00e3o queremos que os empregados sejam cobrados e sofram ass\u00e9dio para cumprirem metas inating\u00edveis, estabelecidas sem a participa\u00e7\u00e3o deles\u201d, explicou o coordenador da CEE\/Caixa.<\/p>\n<p>De acordo com o estabelecido, os funcion\u00e1rios podem ser classificados, de acordo com seu desempenho como incipiente, emergente (quatro n\u00edveis), eficaz, superior em estilo, superior em resultado ou excepcional.<\/p>\n<p><strong>Press\u00e3o pela assinatura<\/strong><br \/>A Caixa iniciou a implanta\u00e7\u00e3o do GDP em 2015, sem que houvesse qualquer discuss\u00e3o com os representantes dos empregados. Em maio daquele ano, a Confedera\u00e7\u00e3o Nacional dos Trabalhadores do Ramo Financeiro (Contraf-CUT) e a Federa\u00e7\u00e3o Nacional das Associa\u00e7\u00f5es de Pessoal da Caixa Econ\u00f4mica Federal (Fenae) iniciaram uma campanha de conscientiza\u00e7\u00e3o e mobiliza\u00e7\u00e3o contra o programa. Na ocasi\u00e3o, foram divulgadas uma nota de rep\u00fadio das entidades e uma cartilha. Esta \u00faltima foi impressa e enviada para todos os trabalhadores do banco.<\/p>\n<p>\u201cNo ACT (Acordo Coletivo de Trabalho) 2015-2016, conquistamos a suspens\u00e3o do programa. A dire\u00e7\u00e3o do banco sempre se recusou a revoga-lo, j\u00e1 planejando sua retomada, o que est\u00e1 ocorrendo agora. Trata-se de mais um golpe contra nossos direitos\u201d, disse Dion\u00edsio Reis. O GDP foi mantido apenas para cargos de gest\u00e3o.<\/p>\n<p>Agora o programa est\u00e1 sendo ampliado para todos os cargos comissionados da Caixa, incluindo operadores de caixa, avaliadores de penhor e todos os demais. A medida est\u00e1 prevista na mais recente vers\u00e3o do normativo RH 205, publicada em julho, que, conforme avalia\u00e7\u00e3o da comiss\u00e3o dos empregados, representa uma reda\u00e7\u00e3o amb\u00edgua, n\u00e3o deixando claro os preju\u00edzos que o empregado poder\u00e1 sofrer caso decida n\u00e3o aderir ao programa.<\/p>\n<p>\u201cNem o RH 205, nem o comunicado enviado hoje aos empregados deixa claro o que acontecer\u00e1 com quem n\u00e3o assinar o acordo individual\u201d, critica o coordenador da CEE\/Caixa.<\/p>\n<p>Desde que anunciou o GDP, em 2015, o movimento sindical e associativo tem se posicionado contra o programa e reivindicado a sua suspens\u00e3o, mas a Caixa n\u00e3o recuou.<\/p>\n<p>Os trabalhadores t\u00eam at\u00e9 o final de agosto para assinar o documento. \u201cContinuamos contr\u00e1rios ao programa e instru\u00edmos aos empregados que se verem obrigados a assinar o documento a procurar por seu sindicato e denunciar o ass\u00e9dio. \u00c9 bom lembrar que em nossa Conven\u00e7\u00e3o Coletiva existe uma cl\u00e1usula que pro\u00edbe o ass\u00e9dio\u201d, ressaltou Dion\u00edsio.<\/p>\n<p><strong>Fonte: Contraf-CUT<\/strong><\/p>\n","protected":false},"excerpt":{"rendered":"<p>Quem assinar o documento pode ser descomissionado, quem n\u00e3o assinar fica prejudicado em sele\u00e7\u00f5es internas A Ger\u00eancia de Gest\u00e3o de Pessoas da Caixa Econ\u00f4mica Federal divulgou nesta sexta-feira (25) um informe sobre o programa de Gest\u00e3o de Desempenho de Pessoas (GDP). A medida, realizada em atendimento \u00e0 press\u00e3o dos representantes dos trabalhadores, que conseguiram que [&hellip;]<\/p>\n","protected":false},"author":2,"featured_media":2920,"comment_status":"","ping_status":"","sticky":false,"template":"","format":"standard","meta":{"footnotes":""},"categories":[3],"tags":[],"class_list":["post-2921","post","type-post","status-publish","format-standard","has-post-thumbnail","hentry","category-noticias"],"_links":{"self":[{"href":"https:\/\/hostnetart.com.br\/baixada\/wp-json\/wp\/v2\/posts\/2921","targetHints":{"allow":["GET"]}}],"collection":[{"href":"https:\/\/hostnetart.com.br\/baixada\/wp-json\/wp\/v2\/posts"}],"about":[{"href":"https:\/\/hostnetart.com.br\/baixada\/wp-json\/wp\/v2\/types\/post"}],"author":[{"embeddable":true,"href":"https:\/\/hostnetart.com.br\/baixada\/wp-json\/wp\/v2\/users\/2"}],"replies":[{"embeddable":true,"href":"https:\/\/hostnetart.com.br\/baixada\/wp-json\/wp\/v2\/comments?post=2921"}],"version-history":[{"count":0,"href":"https:\/\/hostnetart.com.br\/baixada\/wp-json\/wp\/v2\/posts\/2921\/revisions"}],"wp:featuredmedia":[{"embeddable":true,"href":"https:\/\/hostnetart.com.br\/baixada\/wp-json\/wp\/v2\/media\/2920"}],"wp:attachment":[{"href":"https:\/\/hostnetart.com.br\/baixada\/wp-json\/wp\/v2\/media?parent=2921"}],"wp:term":[{"taxonomy":"category","embeddable":true,"href":"https:\/\/hostnetart.com.br\/baixada\/wp-json\/wp\/v2\/categories?post=2921"},{"taxonomy":"post_tag","embeddable":true,"href":"https:\/\/hostnetart.com.br\/baixada\/wp-json\/wp\/v2\/tags?post=2921"}],"curies":[{"name":"wp","href":"https:\/\/api.w.org\/{rel}","templated":true}]}}