{"id":2919,"date":"2017-08-28T15:37:48","date_gmt":"2017-08-28T18:37:48","guid":{"rendered":"https:\/\/hostnetart.com.br\/baixada\/entidades-disponibilizam-jornal-sobre-conquistas-e-desafios-na-funcef\/"},"modified":"2017-08-28T15:37:48","modified_gmt":"2017-08-28T18:37:48","slug":"entidades-disponibilizam-jornal-sobre-conquistas-e-desafios-na-funcef","status":"publish","type":"post","link":"https:\/\/hostnetart.com.br\/baixada\/entidades-disponibilizam-jornal-sobre-conquistas-e-desafios-na-funcef\/","title":{"rendered":"Entidades disponibilizam jornal sobre conquistas e desafios na Funcef"},"content":{"rendered":"<p>Conforme acordado com as centrais sindicais CUT, CTB, Intersindical e CSP-Conlutas, e as for\u00e7as pol\u00edticas que as comp\u00f5em, a Fenae produziu um informativo especial sobre a Funcef. O material, j\u00e1 dispon\u00edvel para download no site da Contraf-CUT, destaca os avan\u00e7os duramente conquistados ao longo dos 40 anos do fundo de pens\u00e3o dos empregados da Caixa, alerta para os riscos que corre esse conjunto de benef\u00edcios e aponta os desafios a curto, m\u00e9dio e longo prazo.<\/p>\n<p>\u201cO momento \u00e9 de uni\u00e3o e informa\u00e7\u00e3o. \u00c9 fundamental que os colegas da Caixa entendam que a defesa da Funcef n\u00e3o \u00e9 de hoje\u201d, afirma o presidente da Fenae, Jair Pedro Ferreira. Fabiana Matheus, diretora de Sa\u00fade e Previd\u00eancia da Federa\u00e7\u00e3o, completa: \u201cConquistas como o Novo Plano, FAB, FRB e fim do limite dos 55 anos devem ser valorizadas. A luta continua, pois ainda temos que avan\u00e7ar na incorpora\u00e7\u00e3o do REB e no fim do voto de Minerva, por exemplo\u201d.<\/p>\n<p>Em rela\u00e7\u00e3o \u00e0s amea\u00e7as e aos desafios, destaque para o contencioso judicial, responsabilidade da Caixa que pode inviabilizar os planos de benef\u00edcio da Funcef, e para o d\u00e9ficit crescente. Outro ponto que merece aten\u00e7\u00e3o \u00e9 o PLP 268, que tramita em regime de urg\u00eancia na C\u00e2mara dos Deputados. Ele substitui a representa\u00e7\u00e3o dos trabalhadores por gestores de mercado nos fundos de pens\u00e3o, o que representar\u00e1 o fim da democracia na gest\u00e3o.<\/p>\n<p>\u201cEstamos disponibilizando duas vers\u00f5es do informativo. Uma em PDF, para quem quiser ler ou fazer uma impress\u00e3o simples. Outra, em formato aberto, enviaremos para as entidades colocarem, caso desejem, suas logomarcas antes de disponibilizar para as bases. O mais importante \u00e9 que esse material seja o mais disseminado poss\u00edvel, para que todos tenham essas t\u00e3o importantes informa\u00e7\u00f5es sobre a Funcef\u201d, finaliza Fabiana Matheus.<\/p>\n","protected":false},"excerpt":{"rendered":"<p>Conforme acordado com as centrais sindicais CUT, CTB, Intersindical e CSP-Conlutas, e as for\u00e7as pol\u00edticas que as comp\u00f5em, a Fenae produziu um informativo especial sobre a Funcef. O material, j\u00e1 dispon\u00edvel para download no site da Contraf-CUT, destaca os avan\u00e7os duramente conquistados ao longo dos 40 anos do fundo de pens\u00e3o dos empregados da Caixa, [&hellip;]<\/p>\n","protected":false},"author":2,"featured_media":2918,"comment_status":"","ping_status":"","sticky":false,"template":"","format":"standard","meta":{"footnotes":""},"categories":[3],"tags":[],"class_list":["post-2919","post","type-post","status-publish","format-standard","has-post-thumbnail","hentry","category-noticias"],"_links":{"self":[{"href":"https:\/\/hostnetart.com.br\/baixada\/wp-json\/wp\/v2\/posts\/2919","targetHints":{"allow":["GET"]}}],"collection":[{"href":"https:\/\/hostnetart.com.br\/baixada\/wp-json\/wp\/v2\/posts"}],"about":[{"href":"https:\/\/hostnetart.com.br\/baixada\/wp-json\/wp\/v2\/types\/post"}],"author":[{"embeddable":true,"href":"https:\/\/hostnetart.com.br\/baixada\/wp-json\/wp\/v2\/users\/2"}],"replies":[{"embeddable":true,"href":"https:\/\/hostnetart.com.br\/baixada\/wp-json\/wp\/v2\/comments?post=2919"}],"version-history":[{"count":0,"href":"https:\/\/hostnetart.com.br\/baixada\/wp-json\/wp\/v2\/posts\/2919\/revisions"}],"wp:featuredmedia":[{"embeddable":true,"href":"https:\/\/hostnetart.com.br\/baixada\/wp-json\/wp\/v2\/media\/2918"}],"wp:attachment":[{"href":"https:\/\/hostnetart.com.br\/baixada\/wp-json\/wp\/v2\/media?parent=2919"}],"wp:term":[{"taxonomy":"category","embeddable":true,"href":"https:\/\/hostnetart.com.br\/baixada\/wp-json\/wp\/v2\/categories?post=2919"},{"taxonomy":"post_tag","embeddable":true,"href":"https:\/\/hostnetart.com.br\/baixada\/wp-json\/wp\/v2\/tags?post=2919"}],"curies":[{"name":"wp","href":"https:\/\/api.w.org\/{rel}","templated":true}]}}