{"id":2917,"date":"2017-08-25T20:36:22","date_gmt":"2017-08-25T23:36:22","guid":{"rendered":"https:\/\/hostnetart.com.br\/baixada\/juventude-denuncia-nas-ruas-retirada-de-direitos-no-brasil\/"},"modified":"2017-08-25T20:36:22","modified_gmt":"2017-08-25T23:36:22","slug":"juventude-denuncia-nas-ruas-retirada-de-direitos-no-brasil","status":"publish","type":"post","link":"https:\/\/hostnetart.com.br\/baixada\/juventude-denuncia-nas-ruas-retirada-de-direitos-no-brasil\/","title":{"rendered":"Juventude denuncia nas ruas retirada de direitos no Brasil"},"content":{"rendered":"<div class=\"content\">\n<h2><span style=\"text-decoration: underline;\"><em>Manifestantes lembraram o quanto as privatiza\u00e7\u00f5es e o golpe ser\u00e3o prejudiciais<\/em><\/span><\/h2>\n<p>Para celebrar o m\u00eas Internacional da Juventude, jovens\u00a0tomaram as ruas do centro de S\u00e3o Paulo nesta quinta-feira (24). O &#8220;Grito pelas Diretas J\u00e1 e Contra as reformas&#8221; foi organizado pelo Sindicato dos Banc\u00e1rios e Financi\u00e1rios de S\u00e3o Paulo Osasco e Regi\u00e3o (Seeb-SP) e teve participa\u00e7\u00e3o da juventude da CUT S\u00e3o Paulo e de movimentos sociais e estudantis.\u00a0<\/p>\n<p>A secret\u00e1ria de Comunic\u00e3o da CUT-SP,\u00a0Adriana Oliveira Magalh\u00e3es,\u00a0destaca a import\u00e2ncia de os sindicatos e da Central se aproximarem da juventude para fazer o debate contra as reformas do governo golpista de Michel Temer (PMDB).<\/p>\n<p>&#8220;Essa foi uma juventude que sentiu os efeitos positivos das pol\u00edticas p\u00fablicas, que priorizou\u00a0o acesso \u00e0s universidades e o crescimento social. Com todo esse cen\u00e1rio de desmonte, esse governo est\u00e1 condenando o futuro de toda essa gera\u00e7\u00e3o&#8221;, apontou.<\/p>\n<p>A dirigente do Seeb-SP, Lucimara Malaquias, tamb\u00e9m destacou a import\u00e2ncia de a entidade organizar pela primeira vez um ato para a juventude trabalhadora. &#8220;Foi uma conquista important\u00edssima porque muitos sindicatos e movimentos acreditaram na ideia e fizeram esse ato t\u00e3o bonito. Isso s\u00f3 fortalece a nossa luta&#8221;.<\/p>\n<p>Os manifestantes apontaram o quanto que os golpes, tanto do governo federal, quanto dos governos do PSDB de Geraldo Alckmin e Jo\u00e3o Doria em S\u00e3o Paulo ser\u00e3o prejudiciais.<\/p>\n<p>A dirigente do SindS\u00e1ude-SP, Renata Scaquetti, refor\u00e7ou que 27,2% dos jovens de 14 a 24 anos, de acordo com dados do Instituto de Pesquisa Econ\u00f4mica Aplicada (Ipea), est\u00e3o desempregados.<\/p>\n<p>&#8220;\u00c9 bom a gente lembrar que a juventude tem os piores empregos, sal\u00e1rios e o maior ind\u00edce de desemprego e informalidade. \u00c9 ela que mais vai sofrer com as reformas trabalhistas e da previd\u00eancia, porque a gente n\u00e3o vai ter nenhuma perspectiva de se aposentar&#8221;, explicou. \u00a0<\/p>\n<p>Os cortes do prefeito tucano de S\u00e3o Paulo, Jo\u00e3o\u00a0Doria, no Passe Livre dos estudantes da capital, que agora s\u00f3 poder\u00e3o aproveitar a gratuidade no transporte pra ir e voltar da escola, tamb\u00e9m foram pautas do ato.\u00a0<\/p>\n<p>A militante do Levante Popular da Juventude, Mariana Lemos, lembrou da ocupa\u00e7\u00e3o de jovens na C\u00e2mara Muncipal de S\u00e3o Paulo neste m\u00eas para protestar, al\u00e9m dos cortes do Passe Livre, contra a pol\u00edtica de privatiza\u00e7\u00e3o na cidade.<\/p>\n<p>&#8220;A gente vem num m\u00eas de muita luta, de constru\u00e7\u00e3o da jornada da juventude por todo o pa\u00eds e dizendo que n\u00e3o aceitaremos nenhum direito a menos. Estamos nas ruas para defender a soberania nacional. E somos\u00a0contra a privatiza\u00e7\u00e3o dos bancos p\u00fablicos, que nos vai tirar direitos como o Fies (Fundo de Financiamento Estudantil)&#8221;, concluiu.<\/p>\n<p>\u00a0<\/p>\n<\/div>\n<p id=\"page-author\"><strong>Fonte: CUT S\u00e3o Paulo<\/strong><\/p>\n","protected":false},"excerpt":{"rendered":"<p>Manifestantes lembraram o quanto as privatiza\u00e7\u00f5es e o golpe ser\u00e3o prejudiciais Para celebrar o m\u00eas Internacional da Juventude, jovens\u00a0tomaram as ruas do centro de S\u00e3o Paulo nesta quinta-feira (24). O &#8220;Grito pelas Diretas J\u00e1 e Contra as reformas&#8221; foi organizado pelo Sindicato dos Banc\u00e1rios e Financi\u00e1rios de S\u00e3o Paulo Osasco e Regi\u00e3o (Seeb-SP) e teve [&hellip;]<\/p>\n","protected":false},"author":2,"featured_media":2916,"comment_status":"","ping_status":"","sticky":false,"template":"","format":"standard","meta":{"footnotes":""},"categories":[3],"tags":[],"class_list":["post-2917","post","type-post","status-publish","format-standard","has-post-thumbnail","hentry","category-noticias"],"_links":{"self":[{"href":"https:\/\/hostnetart.com.br\/baixada\/wp-json\/wp\/v2\/posts\/2917","targetHints":{"allow":["GET"]}}],"collection":[{"href":"https:\/\/hostnetart.com.br\/baixada\/wp-json\/wp\/v2\/posts"}],"about":[{"href":"https:\/\/hostnetart.com.br\/baixada\/wp-json\/wp\/v2\/types\/post"}],"author":[{"embeddable":true,"href":"https:\/\/hostnetart.com.br\/baixada\/wp-json\/wp\/v2\/users\/2"}],"replies":[{"embeddable":true,"href":"https:\/\/hostnetart.com.br\/baixada\/wp-json\/wp\/v2\/comments?post=2917"}],"version-history":[{"count":0,"href":"https:\/\/hostnetart.com.br\/baixada\/wp-json\/wp\/v2\/posts\/2917\/revisions"}],"wp:featuredmedia":[{"embeddable":true,"href":"https:\/\/hostnetart.com.br\/baixada\/wp-json\/wp\/v2\/media\/2916"}],"wp:attachment":[{"href":"https:\/\/hostnetart.com.br\/baixada\/wp-json\/wp\/v2\/media?parent=2917"}],"wp:term":[{"taxonomy":"category","embeddable":true,"href":"https:\/\/hostnetart.com.br\/baixada\/wp-json\/wp\/v2\/categories?post=2917"},{"taxonomy":"post_tag","embeddable":true,"href":"https:\/\/hostnetart.com.br\/baixada\/wp-json\/wp\/v2\/tags?post=2917"}],"curies":[{"name":"wp","href":"https:\/\/api.w.org\/{rel}","templated":true}]}}