{"id":2915,"date":"2017-08-25T20:35:01","date_gmt":"2017-08-25T23:35:01","guid":{"rendered":"https:\/\/hostnetart.com.br\/baixada\/contraf-cut-lanca-programa-para-esclarecer-duvidas-dos-trabalhadores\/"},"modified":"2017-08-25T20:35:01","modified_gmt":"2017-08-25T23:35:01","slug":"contraf-cut-lanca-programa-para-esclarecer-duvidas-dos-trabalhadores","status":"publish","type":"post","link":"https:\/\/hostnetart.com.br\/baixada\/contraf-cut-lanca-programa-para-esclarecer-duvidas-dos-trabalhadores\/","title":{"rendered":"Contraf-CUT lan\u00e7a programa para esclarecer d\u00favidas dos trabalhadores"},"content":{"rendered":"<p><em><span style=\"text-decoration: underline;\">Acad\u00eamicos, dirigentes sindicais, personalidades pol\u00edticas e sociais v\u00e3o explorar temas importantes para a classe trabalhadora<\/span><\/em><\/p>\n<p>A TV Contraf lan\u00e7ar\u00e1 nesta sexta-feira (25) um novo programa para informar e esclarecer d\u00favidas dos trabalhadores do ramo financeiro e das demais categorias.<\/p>\n<p>\u201cVamos colocar acad\u00eamicos, dirigentes sindicais, personalidades pol\u00edticas e sociais para informar e esclarecer d\u00favidas sobre temas que s\u00e3o importantes para os trabalhadores no Brasil hoje\u201d, explicou Roberto von der Osten, presidente da Confedera\u00e7\u00e3o Nacional dos Trabalhadores do Ramo Financeiro (Contraf-CUT).<\/p>\n<p>O programa \u201cLado a Lado\u201d ter\u00e1 em m\u00e9dia 10 minutos e ir\u00e1 ao ar todas as quartas-feiras, \u00e0s 16h.<\/p>\n<p>Na primeira edi\u00e7\u00e3o, a economista B\u00e1rbara Vazquez, do Departamento Intersindical de Estat\u00edstica e Estudos Socioecon\u00f4micos (Dieese) falar\u00e1 sobre as altera\u00e7\u00f5es na legisla\u00e7\u00e3o trabalhista.<\/p>\n<p>O programa buscar\u00e1 a intera\u00e7\u00e3o dos trabalhadores, que poder\u00e3o enviar suas d\u00favidas e sugest\u00f5es de temas a serem tratados pela p\u00e1gina da Contraf-CUT no Facebook (https:\/\/www.facebook.com\/contrafcut), ou para o e-mail imprensa@contrafcut.org.br. Outra op\u00e7\u00e3o \u00e9 postar suas d\u00favidas no Twitter ou no Facebook com a hashtag #TVContrafCUTLadoALado.<\/p>\n<p><strong>Fonte: Contraf-CUT<\/strong><\/p>\n","protected":false},"excerpt":{"rendered":"<p>Acad\u00eamicos, dirigentes sindicais, personalidades pol\u00edticas e sociais v\u00e3o explorar temas importantes para a classe trabalhadora A TV Contraf lan\u00e7ar\u00e1 nesta sexta-feira (25) um novo programa para informar e esclarecer d\u00favidas dos trabalhadores do ramo financeiro e das demais categorias. \u201cVamos colocar acad\u00eamicos, dirigentes sindicais, personalidades pol\u00edticas e sociais para informar e esclarecer d\u00favidas sobre temas [&hellip;]<\/p>\n","protected":false},"author":2,"featured_media":2914,"comment_status":"","ping_status":"","sticky":false,"template":"","format":"standard","meta":{"footnotes":""},"categories":[3],"tags":[],"class_list":["post-2915","post","type-post","status-publish","format-standard","has-post-thumbnail","hentry","category-noticias"],"_links":{"self":[{"href":"https:\/\/hostnetart.com.br\/baixada\/wp-json\/wp\/v2\/posts\/2915","targetHints":{"allow":["GET"]}}],"collection":[{"href":"https:\/\/hostnetart.com.br\/baixada\/wp-json\/wp\/v2\/posts"}],"about":[{"href":"https:\/\/hostnetart.com.br\/baixada\/wp-json\/wp\/v2\/types\/post"}],"author":[{"embeddable":true,"href":"https:\/\/hostnetart.com.br\/baixada\/wp-json\/wp\/v2\/users\/2"}],"replies":[{"embeddable":true,"href":"https:\/\/hostnetart.com.br\/baixada\/wp-json\/wp\/v2\/comments?post=2915"}],"version-history":[{"count":0,"href":"https:\/\/hostnetart.com.br\/baixada\/wp-json\/wp\/v2\/posts\/2915\/revisions"}],"wp:featuredmedia":[{"embeddable":true,"href":"https:\/\/hostnetart.com.br\/baixada\/wp-json\/wp\/v2\/media\/2914"}],"wp:attachment":[{"href":"https:\/\/hostnetart.com.br\/baixada\/wp-json\/wp\/v2\/media?parent=2915"}],"wp:term":[{"taxonomy":"category","embeddable":true,"href":"https:\/\/hostnetart.com.br\/baixada\/wp-json\/wp\/v2\/categories?post=2915"},{"taxonomy":"post_tag","embeddable":true,"href":"https:\/\/hostnetart.com.br\/baixada\/wp-json\/wp\/v2\/tags?post=2915"}],"curies":[{"name":"wp","href":"https:\/\/api.w.org\/{rel}","templated":true}]}}