{"id":2913,"date":"2017-08-25T20:33:22","date_gmt":"2017-08-25T23:33:22","guid":{"rendered":"https:\/\/hostnetart.com.br\/baixada\/dieese-politica-recessiva-de-temer-vai-deixar-vida-mais-cara\/"},"modified":"2017-08-25T20:33:22","modified_gmt":"2017-08-25T23:33:22","slug":"dieese-politica-recessiva-de-temer-vai-deixar-vida-mais-cara","status":"publish","type":"post","link":"https:\/\/hostnetart.com.br\/baixada\/dieese-politica-recessiva-de-temer-vai-deixar-vida-mais-cara\/","title":{"rendered":"Dieese: pol\u00edtica recessiva de Temer vai deixar vida mais cara"},"content":{"rendered":"<p><em><span style=\"text-decoration: underline;\">Pol\u00edtica de privatiza\u00e7\u00f5es \u00e9 mero entreguismo e n\u00e3o aponta estrat\u00e9gia para o pa\u00eds<\/span><\/em><\/p>\n<p>Em an\u00e1lise divulgada nesta sexta-feira (24), o Departamento Intersindical de Estat\u00edstica e Estudos Socioecon\u00f4micos (Dieese) aponta que o pacote de privatiza\u00e7\u00f5es do ileg\u00edtimo Michel Temer (PMDB) tem como \u00fanico objetivo arrecadar o m\u00e1ximo poss\u00edvel para fechar o rombo econ\u00f4mico.<\/p>\n<p>De acordo com o departamento, a pol\u00edtica recessiva ao inv\u00e9s de recuperar a economia, tem somente colocado o pa\u00eds numa espiral recessiva sem fim, com investimento e gasto privados travados pelos juros reais altos e expectativas pessimistas.<\/p>\n<p>Ainda segundo o Dieese, o gasto p\u00fablico que poderia quebrar esta l\u00f3gica recessiva est\u00e1 contra\u00eddo, com corte de gastos que deprime a economia, promove queda da arrecada\u00e7\u00e3o e causa piora na situa\u00e7\u00e3o fiscal e assim sucessivamente.<\/p>\n<p>A avalia\u00e7\u00e3o sobre o programa de privatiza\u00e7\u00f5es e concess\u00f5es que envolvem 57 projetos, dentre eles principalmente a venda de parte da Eletrobr\u00e1s (ficou de fora Itaipu porque \u00e9 binacional e as usinas nucleares), al\u00e9m da concess\u00e3o de 14 aeroportos (incluindo Congonhas em S\u00e3o Paulo), 16 portos e a desestatiza\u00e7\u00e3o de 2 rodovias, 4 projetos em Petr\u00f3leo e g\u00e1s, a Lotex (CEF) e a Casa da Moeda (respons\u00e1vel pela emiss\u00e3o de c\u00e9dulas, moedas, passaportes, selos, dentre outros) \u00e9 que a conta cair\u00e1 no colo do trabalhador.<\/p>\n<p>A expectativa \u00e9 de poss\u00edvel aumento das tarifas de energia el\u00e9trica, gerando press\u00e3o inflacion\u00e1ria e de que a desnacionaliza\u00e7\u00e3o diminu\u00ed a capacidade de planejamento e estrat\u00e9gia nacional.<\/p>\n<p><strong>Fonte: CUT<\/strong><\/p>\n","protected":false},"excerpt":{"rendered":"<p>Pol\u00edtica de privatiza\u00e7\u00f5es \u00e9 mero entreguismo e n\u00e3o aponta estrat\u00e9gia para o pa\u00eds Em an\u00e1lise divulgada nesta sexta-feira (24), o Departamento Intersindical de Estat\u00edstica e Estudos Socioecon\u00f4micos (Dieese) aponta que o pacote de privatiza\u00e7\u00f5es do ileg\u00edtimo Michel Temer (PMDB) tem como \u00fanico objetivo arrecadar o m\u00e1ximo poss\u00edvel para fechar o rombo econ\u00f4mico. De acordo com [&hellip;]<\/p>\n","protected":false},"author":2,"featured_media":2912,"comment_status":"","ping_status":"","sticky":false,"template":"","format":"standard","meta":{"footnotes":""},"categories":[3],"tags":[],"class_list":["post-2913","post","type-post","status-publish","format-standard","has-post-thumbnail","hentry","category-noticias"],"_links":{"self":[{"href":"https:\/\/hostnetart.com.br\/baixada\/wp-json\/wp\/v2\/posts\/2913","targetHints":{"allow":["GET"]}}],"collection":[{"href":"https:\/\/hostnetart.com.br\/baixada\/wp-json\/wp\/v2\/posts"}],"about":[{"href":"https:\/\/hostnetart.com.br\/baixada\/wp-json\/wp\/v2\/types\/post"}],"author":[{"embeddable":true,"href":"https:\/\/hostnetart.com.br\/baixada\/wp-json\/wp\/v2\/users\/2"}],"replies":[{"embeddable":true,"href":"https:\/\/hostnetart.com.br\/baixada\/wp-json\/wp\/v2\/comments?post=2913"}],"version-history":[{"count":0,"href":"https:\/\/hostnetart.com.br\/baixada\/wp-json\/wp\/v2\/posts\/2913\/revisions"}],"wp:featuredmedia":[{"embeddable":true,"href":"https:\/\/hostnetart.com.br\/baixada\/wp-json\/wp\/v2\/media\/2912"}],"wp:attachment":[{"href":"https:\/\/hostnetart.com.br\/baixada\/wp-json\/wp\/v2\/media?parent=2913"}],"wp:term":[{"taxonomy":"category","embeddable":true,"href":"https:\/\/hostnetart.com.br\/baixada\/wp-json\/wp\/v2\/categories?post=2913"},{"taxonomy":"post_tag","embeddable":true,"href":"https:\/\/hostnetart.com.br\/baixada\/wp-json\/wp\/v2\/tags?post=2913"}],"curies":[{"name":"wp","href":"https:\/\/api.w.org\/{rel}","templated":true}]}}