{"id":2911,"date":"2017-08-25T20:31:13","date_gmt":"2017-08-25T23:31:13","guid":{"rendered":"https:\/\/hostnetart.com.br\/baixada\/coletivo-nacional-de-juventude-da-contraf-cut-discute-a-criacao-de-curso-de-formacao-para-jovens\/"},"modified":"2017-08-25T20:31:13","modified_gmt":"2017-08-25T23:31:13","slug":"coletivo-nacional-de-juventude-da-contraf-cut-discute-a-criacao-de-curso-de-formacao-para-jovens","status":"publish","type":"post","link":"https:\/\/hostnetart.com.br\/baixada\/coletivo-nacional-de-juventude-da-contraf-cut-discute-a-criacao-de-curso-de-formacao-para-jovens\/","title":{"rendered":"Coletivo Nacional de Juventude da Contraf-CUT discute a cria\u00e7\u00e3o de curso de forma\u00e7\u00e3o para jovens"},"content":{"rendered":"<p>O Coletivo Nacional de Juventude da Contraf-CUT se reuniu, nesta quinta-feira (24), para avaliar os impactos das reformas e os avan\u00e7os do movimento sindical. Durante o encontro, ficou definida a cria\u00e7\u00e3o de um curso de forma\u00e7\u00e3o especifico para os jovens.<\/p>\n<p>As entidades trocaram experi\u00eancias e debateram estrat\u00e9gias para atrair os jovens para o movimento sindical e para a mobiliza\u00e7\u00e3o. \u201cCom todo o cen\u00e1rio exposto, \u00e9 importante que as entidades fa\u00e7am o debate de juventude, renova\u00e7\u00e3o e empodere os jovens em suas diretorias. Inclusive para refletir as caracter\u00edsticas de suas bases\u201d, afirmou Fabiana Uehara, secretaria da Juventude da Contraf-CUT.\u00a0 \u00a0<\/p>\n<p>Para isso, os representantes do coletivo definiram a cria\u00e7\u00e3o de uma metodologia de forma\u00e7\u00e3o de dirigentes jovens. \u201cPrecisamos promover semin\u00e1rios ou oficinas para atrair a juventude para o movimento sindical bem como fortalecer o di\u00e1logo entre os coletivos organizados\u201d, disse.<\/p>\n<p>A Contraf-CUT vai refor\u00e7ar a orienta\u00e7\u00e3o de cria\u00e7\u00e3o de secretarias e coletivos de juventude nas entidades filiadas.<\/p>\n","protected":false},"excerpt":{"rendered":"<p>O Coletivo Nacional de Juventude da Contraf-CUT se reuniu, nesta quinta-feira (24), para avaliar os impactos das reformas e os avan\u00e7os do movimento sindical. Durante o encontro, ficou definida a cria\u00e7\u00e3o de um curso de forma\u00e7\u00e3o especifico para os jovens. As entidades trocaram experi\u00eancias e debateram estrat\u00e9gias para atrair os jovens para o movimento sindical [&hellip;]<\/p>\n","protected":false},"author":2,"featured_media":2910,"comment_status":"","ping_status":"","sticky":false,"template":"","format":"standard","meta":{"footnotes":""},"categories":[3],"tags":[],"class_list":["post-2911","post","type-post","status-publish","format-standard","has-post-thumbnail","hentry","category-noticias"],"_links":{"self":[{"href":"https:\/\/hostnetart.com.br\/baixada\/wp-json\/wp\/v2\/posts\/2911","targetHints":{"allow":["GET"]}}],"collection":[{"href":"https:\/\/hostnetart.com.br\/baixada\/wp-json\/wp\/v2\/posts"}],"about":[{"href":"https:\/\/hostnetart.com.br\/baixada\/wp-json\/wp\/v2\/types\/post"}],"author":[{"embeddable":true,"href":"https:\/\/hostnetart.com.br\/baixada\/wp-json\/wp\/v2\/users\/2"}],"replies":[{"embeddable":true,"href":"https:\/\/hostnetart.com.br\/baixada\/wp-json\/wp\/v2\/comments?post=2911"}],"version-history":[{"count":0,"href":"https:\/\/hostnetart.com.br\/baixada\/wp-json\/wp\/v2\/posts\/2911\/revisions"}],"wp:featuredmedia":[{"embeddable":true,"href":"https:\/\/hostnetart.com.br\/baixada\/wp-json\/wp\/v2\/media\/2910"}],"wp:attachment":[{"href":"https:\/\/hostnetart.com.br\/baixada\/wp-json\/wp\/v2\/media?parent=2911"}],"wp:term":[{"taxonomy":"category","embeddable":true,"href":"https:\/\/hostnetart.com.br\/baixada\/wp-json\/wp\/v2\/categories?post=2911"},{"taxonomy":"post_tag","embeddable":true,"href":"https:\/\/hostnetart.com.br\/baixada\/wp-json\/wp\/v2\/tags?post=2911"}],"curies":[{"name":"wp","href":"https:\/\/api.w.org\/{rel}","templated":true}]}}