{"id":2909,"date":"2017-08-25T02:48:45","date_gmt":"2017-08-25T05:48:45","guid":{"rendered":"https:\/\/hostnetart.com.br\/baixada\/comite-nacional-em-defesa-das-empresas-publicas-divulga-nota-o-brasil-nao-esta-a-venda\/"},"modified":"2017-08-25T02:48:45","modified_gmt":"2017-08-25T05:48:45","slug":"comite-nacional-em-defesa-das-empresas-publicas-divulga-nota-o-brasil-nao-esta-a-venda","status":"publish","type":"post","link":"https:\/\/hostnetart.com.br\/baixada\/comite-nacional-em-defesa-das-empresas-publicas-divulga-nota-o-brasil-nao-esta-a-venda\/","title":{"rendered":"Comit\u00ea Nacional em Defesa das Empresas P\u00fablicas divulga nota &#8220;O Brasil n\u00e3o est\u00e1 \u00e0 venda&#8221;"},"content":{"rendered":"<p>O Comit\u00ea Nacional em Defesa das Empresas P\u00fablicas divulgou uma nota, nesta quinta-feira (24), contr\u00e1ria \u00e0s iniciativas do governo federal, que quer implantar um pacote de privatiza\u00e7\u00f5es no Brasil. A lista consta com 57 empresas e projetos, dentre eles, aeroportos, terminais portu\u00e1rios e de energia (hidrel\u00e9trica, petr\u00f3leo e g\u00e1s), a Lotex (Loteria da Caixa) e a Casa da Moeda, al\u00e9m da Eletrobr\u00e1s. Para reagir contra as ofensivas ao patrim\u00f4nio p\u00fablico, os movimentos sindicais se reunir\u00e3o no dia 3 de outubro, no Rio de Janeiro, para uma grande mobiliza\u00e7\u00e3o. <\/p>\n<p>O ato, idealizado pela Federa\u00e7\u00e3o \u00danica dos Petroleiros (FUP) e o Movimento dos Atingidos por Barragens (MAB), vai reunir representantes dos movimentos sindical, social e demais atores da sociedade civil para deixar claro que o desenvolvimento do Brasil passa necessariamente pela manuten\u00e7\u00e3o de bens, servi\u00e7os e empresas p\u00fablicas, e que essa riqueza n\u00e3o ser\u00e1 entregue ao grande capital e multinacionais.<\/p>\n<p>Para mais informa\u00e7\u00f5es e contatos, acesse o site e facebook do comit\u00ea (comiteempresaspublicas.com.br) ou entre em contato pelo e-mail publiccomite@gmail.com.br.<\/p>\n<p>\u00a0<\/p>\n<p>Fonte: Contraf-CUT e Comit\u00ea Nacional em Defesa das Empresas P\u00fablicas<\/p>\n","protected":false},"excerpt":{"rendered":"<p>O Comit\u00ea Nacional em Defesa das Empresas P\u00fablicas divulgou uma nota, nesta quinta-feira (24), contr\u00e1ria \u00e0s iniciativas do governo federal, que quer implantar um pacote de privatiza\u00e7\u00f5es no Brasil. A lista consta com 57 empresas e projetos, dentre eles, aeroportos, terminais portu\u00e1rios e de energia (hidrel\u00e9trica, petr\u00f3leo e g\u00e1s), a Lotex (Loteria da Caixa) e [&hellip;]<\/p>\n","protected":false},"author":2,"featured_media":2908,"comment_status":"","ping_status":"","sticky":false,"template":"","format":"standard","meta":{"footnotes":""},"categories":[3],"tags":[],"class_list":["post-2909","post","type-post","status-publish","format-standard","has-post-thumbnail","hentry","category-noticias"],"_links":{"self":[{"href":"https:\/\/hostnetart.com.br\/baixada\/wp-json\/wp\/v2\/posts\/2909","targetHints":{"allow":["GET"]}}],"collection":[{"href":"https:\/\/hostnetart.com.br\/baixada\/wp-json\/wp\/v2\/posts"}],"about":[{"href":"https:\/\/hostnetart.com.br\/baixada\/wp-json\/wp\/v2\/types\/post"}],"author":[{"embeddable":true,"href":"https:\/\/hostnetart.com.br\/baixada\/wp-json\/wp\/v2\/users\/2"}],"replies":[{"embeddable":true,"href":"https:\/\/hostnetart.com.br\/baixada\/wp-json\/wp\/v2\/comments?post=2909"}],"version-history":[{"count":0,"href":"https:\/\/hostnetart.com.br\/baixada\/wp-json\/wp\/v2\/posts\/2909\/revisions"}],"wp:featuredmedia":[{"embeddable":true,"href":"https:\/\/hostnetart.com.br\/baixada\/wp-json\/wp\/v2\/media\/2908"}],"wp:attachment":[{"href":"https:\/\/hostnetart.com.br\/baixada\/wp-json\/wp\/v2\/media?parent=2909"}],"wp:term":[{"taxonomy":"category","embeddable":true,"href":"https:\/\/hostnetart.com.br\/baixada\/wp-json\/wp\/v2\/categories?post=2909"},{"taxonomy":"post_tag","embeddable":true,"href":"https:\/\/hostnetart.com.br\/baixada\/wp-json\/wp\/v2\/tags?post=2909"}],"curies":[{"name":"wp","href":"https:\/\/api.w.org\/{rel}","templated":true}]}}