{"id":2907,"date":"2017-08-25T02:46:05","date_gmt":"2017-08-25T05:46:05","guid":{"rendered":"https:\/\/hostnetart.com.br\/baixada\/cut-da-inicio-a-organizacao-da-luta-contra-novas-regras-trabalhistas\/"},"modified":"2017-08-25T02:46:05","modified_gmt":"2017-08-25T05:46:05","slug":"cut-da-inicio-a-organizacao-da-luta-contra-novas-regras-trabalhistas","status":"publish","type":"post","link":"https:\/\/hostnetart.com.br\/baixada\/cut-da-inicio-a-organizacao-da-luta-contra-novas-regras-trabalhistas\/","title":{"rendered":"CUT d\u00e1 in\u00edcio \u00e0 organiza\u00e7\u00e3o da luta contra novas regras trabalhistas"},"content":{"rendered":"<p>Organizar os trabalhadores para resistir \u00e0 implanta\u00e7\u00e3o das novas regras institu\u00eddas pela reforma trabalhista, prevista para novembro, foi um dos principais objetivos do semin\u00e1rio da CUT do Rio de Janeiro. O encontro reuniu, nesta quinta-feira (23\/8), dirigentes de diversos sindicatos filiados \u00e0 central no estado, entre eles o dos Banc\u00e1rios do Rio de Janeiro. <br \/>O semin\u00e1rio, realizado no audit\u00f3rio do Sindicato, contou com a presen\u00e7a de ju\u00edzes e procuradores do Trabalho, advogados e dirigentes da CUT Nacional e da CUT Rio. A participa\u00e7\u00e3o de magistrados e membros do Minist\u00e9rio P\u00fablico do Trabalho se deveu ao engessamento da Justi\u00e7a do Trabalho provocado pela reforma, que est\u00e1 sendo classificado como o fim da Justi\u00e7a do Trabalho. Organizaram o semin\u00e1rio, o secret\u00e1rio de Rela\u00e7\u00f5es do Trabalho da CUT Rio, Gentil Ramos, e a diretora da CUT Nacional, Virg\u00ednia Berriel.<br \/>A presidenta do Sindicato, Adriana Nalesso, mais uma vez lembrou que \u00e9 necess\u00e1rio e um grande desafio levar para a sociedade o debate das consequ\u00eancias da reforma trabalhista. \u201cAs pessoas n\u00e3o se deram conta, ainda, do que est\u00e1 por vir. Se soubessem, estariam nas ruas lutando pelos seus direitos\u201d, constatou. Acrescentou ser necess\u00e1rio unidade entre os trabalhadores contra a implanta\u00e7\u00e3o das novas regras. E completou: \u201cCom esse governo, n\u00e3o tem papo, tem que ter luta\u201d.<br \/>Estado de exce\u00e7\u00e3o<br \/>Gra\u00e7a Costa, secret\u00e1ria de Rela\u00e7\u00f5es do Trabalho da CUT Nacional, lembrou que neste fim de semana estar\u00e1 acontecendo o Congresso Nacional da central sindical e que uma das resolu\u00e7\u00f5es a ser aprovada deve ser exatamente a respeito da organiza\u00e7\u00e3o de uma luta nacional contra a implanta\u00e7\u00e3o das novas regras trabalhistas e a aprova\u00e7\u00e3o da reforma previdenci\u00e1ria. \u201cN\u00e3o podemos esperar que entrem em vigor e que os trabalhadores sintam na pele os seus efeitos para ent\u00e3o iniciar a luta. Temos que, desde j\u00e1, preparar a resist\u00eancia \u00e0s mudan\u00e7as, com a organiza\u00e7\u00e3o de mobiliza\u00e7\u00f5es em todo o pa\u00eds a partir de novembro\u201d, adiantou.<br \/>Avaliou que vivemos num Estado de exce\u00e7\u00e3o desde o golpe que derrubou Dilma Roussef da Presid\u00eancia, ano passado. \u201cIsto tem que ser repassado para as categorias. Estamos num Estado de exce\u00e7\u00e3o, por isto mesmo, como no golpe de 1964, com um governo que pode tudo, e que, s\u00f3 por isto foi capaz de aprovar a mais agressiva retirada de direitos trabalhista j\u00e1 feita por um pa\u00eds\u201d, analisou.<\/p>\n","protected":false},"excerpt":{"rendered":"<p>Organizar os trabalhadores para resistir \u00e0 implanta\u00e7\u00e3o das novas regras institu\u00eddas pela reforma trabalhista, prevista para novembro, foi um dos principais objetivos do semin\u00e1rio da CUT do Rio de Janeiro. O encontro reuniu, nesta quinta-feira (23\/8), dirigentes de diversos sindicatos filiados \u00e0 central no estado, entre eles o dos Banc\u00e1rios do Rio de Janeiro. O [&hellip;]<\/p>\n","protected":false},"author":2,"featured_media":2906,"comment_status":"","ping_status":"","sticky":false,"template":"","format":"standard","meta":{"footnotes":""},"categories":[3],"tags":[],"class_list":["post-2907","post","type-post","status-publish","format-standard","has-post-thumbnail","hentry","category-noticias"],"_links":{"self":[{"href":"https:\/\/hostnetart.com.br\/baixada\/wp-json\/wp\/v2\/posts\/2907","targetHints":{"allow":["GET"]}}],"collection":[{"href":"https:\/\/hostnetart.com.br\/baixada\/wp-json\/wp\/v2\/posts"}],"about":[{"href":"https:\/\/hostnetart.com.br\/baixada\/wp-json\/wp\/v2\/types\/post"}],"author":[{"embeddable":true,"href":"https:\/\/hostnetart.com.br\/baixada\/wp-json\/wp\/v2\/users\/2"}],"replies":[{"embeddable":true,"href":"https:\/\/hostnetart.com.br\/baixada\/wp-json\/wp\/v2\/comments?post=2907"}],"version-history":[{"count":0,"href":"https:\/\/hostnetart.com.br\/baixada\/wp-json\/wp\/v2\/posts\/2907\/revisions"}],"wp:featuredmedia":[{"embeddable":true,"href":"https:\/\/hostnetart.com.br\/baixada\/wp-json\/wp\/v2\/media\/2906"}],"wp:attachment":[{"href":"https:\/\/hostnetart.com.br\/baixada\/wp-json\/wp\/v2\/media?parent=2907"}],"wp:term":[{"taxonomy":"category","embeddable":true,"href":"https:\/\/hostnetart.com.br\/baixada\/wp-json\/wp\/v2\/categories?post=2907"},{"taxonomy":"post_tag","embeddable":true,"href":"https:\/\/hostnetart.com.br\/baixada\/wp-json\/wp\/v2\/tags?post=2907"}],"curies":[{"name":"wp","href":"https:\/\/api.w.org\/{rel}","templated":true}]}}