{"id":2905,"date":"2017-08-23T22:24:11","date_gmt":"2017-08-24T01:24:11","guid":{"rendered":"https:\/\/hostnetart.com.br\/baixada\/aumenta-o-numero-de-feminicidios-no-brasil\/"},"modified":"2017-08-23T22:24:11","modified_gmt":"2017-08-24T01:24:11","slug":"aumenta-o-numero-de-feminicidios-no-brasil","status":"publish","type":"post","link":"https:\/\/hostnetart.com.br\/baixada\/aumenta-o-numero-de-feminicidios-no-brasil\/","title":{"rendered":"Aumenta o n\u00famero de feminic\u00eddios no Brasil"},"content":{"rendered":"<p><span style=\"text-decoration: underline;\"><em>Pa\u00eds registra oito casos de assassinatos por dia, segundo Minist\u00e9rio P\u00fablico<\/em><\/span><\/p>\n<p>A viol\u00eancia contra a mulher se tornou uma realidade cada vez mais preocupante no Brasil. De acordo com dados dos Minist\u00e9rios P\u00fablicos estaduais, entre mar\u00e7o de 2016 e mar\u00e7o de 2017, foram registrados 2.925 casos de feminic\u00eddios no pa\u00eds. Mesmo com o aumento de 8,8% de casos em rela\u00e7\u00e3o ao ano anterior, ainda faltam investimentos do governo para a preven\u00e7\u00e3o destes crimes hediondos.<\/p>\n<p>No estado de S\u00e3o Paulo, por exemplo, de janeiro a junho deste ano, 272 mulheres foram assassinadas, sendo que um ter\u00e7o delas foram v\u00edtimas de seus companheiros.\u00a0 Em contraponto, os servi\u00e7os do governo para preven\u00e7\u00e3o e atendimento \u00e0 essas v\u00edtimas ainda s\u00e3o falhos. \u201cO grupo das mulheres dos movimentos sindicais foi at\u00e9 a Casa da Mulher Brasileira e verificou que o espa\u00e7o mesmo com as estruturas f\u00edsicas prontas, ainda n\u00e3o est\u00e1 implementado&#8221;, revelou Elaine Cutis, secret\u00e1ria da Mulher da Contraf-CUT. <\/p>\n<p>Para Elaine, \u201cos n\u00fameros de feminic\u00eddios aumentam cada vez mais e precisamos da cria\u00e7\u00e3o de pol\u00edticas p\u00fablicas para evitar que a viol\u00eancia aconte\u00e7a e se torne em um crime ainda pior\u201d, disse .<\/p>\n<p>A lei federal, que define o feminic\u00eddio foi sancionada em 2015 pela presidenta Dilma Rousseff e transformou em hediondo o crime de assassinato quando se aproveita da fragilidade do sexo feminino. A pena varia de 6 a 20 anos de pris\u00e3o e em alguns casos pode chegar at\u00e9 30 anos.<\/p>\n<p>\u201cO reconhecimento do feminic\u00eddio como crime hediondo j\u00e1 foi um avan\u00e7o, mas precisamos de leis ainda mais severas para que se possa punir de fato o agressor&#8221;, finalizou.<\/p>\n<p><strong>Fonte: Contraf-CUT<\/strong><\/p>\n","protected":false},"excerpt":{"rendered":"<p>Pa\u00eds registra oito casos de assassinatos por dia, segundo Minist\u00e9rio P\u00fablico A viol\u00eancia contra a mulher se tornou uma realidade cada vez mais preocupante no Brasil. De acordo com dados dos Minist\u00e9rios P\u00fablicos estaduais, entre mar\u00e7o de 2016 e mar\u00e7o de 2017, foram registrados 2.925 casos de feminic\u00eddios no pa\u00eds. Mesmo com o aumento de [&hellip;]<\/p>\n","protected":false},"author":2,"featured_media":2904,"comment_status":"","ping_status":"","sticky":false,"template":"","format":"standard","meta":{"footnotes":""},"categories":[3],"tags":[],"class_list":["post-2905","post","type-post","status-publish","format-standard","has-post-thumbnail","hentry","category-noticias"],"_links":{"self":[{"href":"https:\/\/hostnetart.com.br\/baixada\/wp-json\/wp\/v2\/posts\/2905","targetHints":{"allow":["GET"]}}],"collection":[{"href":"https:\/\/hostnetart.com.br\/baixada\/wp-json\/wp\/v2\/posts"}],"about":[{"href":"https:\/\/hostnetart.com.br\/baixada\/wp-json\/wp\/v2\/types\/post"}],"author":[{"embeddable":true,"href":"https:\/\/hostnetart.com.br\/baixada\/wp-json\/wp\/v2\/users\/2"}],"replies":[{"embeddable":true,"href":"https:\/\/hostnetart.com.br\/baixada\/wp-json\/wp\/v2\/comments?post=2905"}],"version-history":[{"count":0,"href":"https:\/\/hostnetart.com.br\/baixada\/wp-json\/wp\/v2\/posts\/2905\/revisions"}],"wp:featuredmedia":[{"embeddable":true,"href":"https:\/\/hostnetart.com.br\/baixada\/wp-json\/wp\/v2\/media\/2904"}],"wp:attachment":[{"href":"https:\/\/hostnetart.com.br\/baixada\/wp-json\/wp\/v2\/media?parent=2905"}],"wp:term":[{"taxonomy":"category","embeddable":true,"href":"https:\/\/hostnetart.com.br\/baixada\/wp-json\/wp\/v2\/categories?post=2905"},{"taxonomy":"post_tag","embeddable":true,"href":"https:\/\/hostnetart.com.br\/baixada\/wp-json\/wp\/v2\/tags?post=2905"}],"curies":[{"name":"wp","href":"https:\/\/api.w.org\/{rel}","templated":true}]}}