{"id":2903,"date":"2017-08-23T21:37:07","date_gmt":"2017-08-24T00:37:07","guid":{"rendered":"https:\/\/hostnetart.com.br\/baixada\/coletivo-dos-financiarios-discutem-impactos-da-reforma-trabalhista\/"},"modified":"2017-08-23T21:37:07","modified_gmt":"2017-08-24T00:37:07","slug":"coletivo-dos-financiarios-discutem-impactos-da-reforma-trabalhista","status":"publish","type":"post","link":"https:\/\/hostnetart.com.br\/baixada\/coletivo-dos-financiarios-discutem-impactos-da-reforma-trabalhista\/","title":{"rendered":"Coletivo dos Financi\u00e1rios discutem impactos da Reforma Trabalhista"},"content":{"rendered":"<p>O Coletivo dos Financi\u00e1rios da Confedera\u00e7\u00e3o Nacional dos Trabalhadores do Ramo Financeiro (Contraf-CUT) se reuniu, nesta quarta-feira (23), na sede da Contraf-CUT, para discutir os impactos da Reforma Trabalhista para os trabalhadores de financeiras.<\/p>\n<p>Na parte da manh\u00e3, o Dieese fez uma compara\u00e7\u00e3o de como as altera\u00e7\u00f5es da lei n\u00ba 13.467 afetam a categoria. \u201cA reforma trabalhista impacta 36 artigos da minuta de reivindica\u00e7\u00e3o dos financi\u00e1rios e 17 pontos da conven\u00e7\u00e3o coletiva da categoria. Torna-se um imperativo proteger esses instrumentos frente a flexibiliza\u00e7\u00e3o de direitos, trazida com a aprova\u00e7\u00e3o da reforma trabalhista\u201d, explica Barbara Vallejoz, economista do Departamento Intersindical de Estat\u00edstica e Estudos Socioecon\u00f4micos (Dieese).<\/p>\n<p>Os financi\u00e1rios tamb\u00e9m redigiram um documento, que ser\u00e1 entregue \u00e0 Federa\u00e7\u00e3o Interestadual das Institui\u00e7\u00f5es de Cr\u00e9dito, Financiamento e Investimento (Fenacref), para reivindicar os direitos trabalhistas j\u00e1 conquistados e o compromisso da entidade com a conven\u00e7\u00e3o coletiva at\u00e9 maio de 2018.<\/p>\n<p>\u201cO nosso acordo de 2 anos deve permanecer mesmo ap\u00f3s a Reforma Trabalhista entrar em vigor, o que est\u00e1 previsto para novembro deste ano. Precisamos pressionar a Fenacref para garantir os nossos direitos j\u00e1 conquistados\u201d, afirma Jair Alves, coordenador dos Financi\u00e1rios da Contraf-CUT.<\/p>\n<p><strong>Fonte: Contraf-CUT<\/strong><\/p>\n","protected":false},"excerpt":{"rendered":"<p>O Coletivo dos Financi\u00e1rios da Confedera\u00e7\u00e3o Nacional dos Trabalhadores do Ramo Financeiro (Contraf-CUT) se reuniu, nesta quarta-feira (23), na sede da Contraf-CUT, para discutir os impactos da Reforma Trabalhista para os trabalhadores de financeiras. Na parte da manh\u00e3, o Dieese fez uma compara\u00e7\u00e3o de como as altera\u00e7\u00f5es da lei n\u00ba 13.467 afetam a categoria. \u201cA [&hellip;]<\/p>\n","protected":false},"author":2,"featured_media":2902,"comment_status":"","ping_status":"","sticky":false,"template":"","format":"standard","meta":{"footnotes":""},"categories":[3],"tags":[],"class_list":["post-2903","post","type-post","status-publish","format-standard","has-post-thumbnail","hentry","category-noticias"],"_links":{"self":[{"href":"https:\/\/hostnetart.com.br\/baixada\/wp-json\/wp\/v2\/posts\/2903","targetHints":{"allow":["GET"]}}],"collection":[{"href":"https:\/\/hostnetart.com.br\/baixada\/wp-json\/wp\/v2\/posts"}],"about":[{"href":"https:\/\/hostnetart.com.br\/baixada\/wp-json\/wp\/v2\/types\/post"}],"author":[{"embeddable":true,"href":"https:\/\/hostnetart.com.br\/baixada\/wp-json\/wp\/v2\/users\/2"}],"replies":[{"embeddable":true,"href":"https:\/\/hostnetart.com.br\/baixada\/wp-json\/wp\/v2\/comments?post=2903"}],"version-history":[{"count":0,"href":"https:\/\/hostnetart.com.br\/baixada\/wp-json\/wp\/v2\/posts\/2903\/revisions"}],"wp:featuredmedia":[{"embeddable":true,"href":"https:\/\/hostnetart.com.br\/baixada\/wp-json\/wp\/v2\/media\/2902"}],"wp:attachment":[{"href":"https:\/\/hostnetart.com.br\/baixada\/wp-json\/wp\/v2\/media?parent=2903"}],"wp:term":[{"taxonomy":"category","embeddable":true,"href":"https:\/\/hostnetart.com.br\/baixada\/wp-json\/wp\/v2\/categories?post=2903"},{"taxonomy":"post_tag","embeddable":true,"href":"https:\/\/hostnetart.com.br\/baixada\/wp-json\/wp\/v2\/tags?post=2903"}],"curies":[{"name":"wp","href":"https:\/\/api.w.org\/{rel}","templated":true}]}}