{"id":2897,"date":"2017-08-23T14:50:43","date_gmt":"2017-08-23T17:50:43","guid":{"rendered":"https:\/\/hostnetart.com.br\/baixada\/desmonte-da-saude-da-mulher-foi-tema-central-de-conferencia-nacional-em-brasilia\/"},"modified":"2017-08-23T14:50:43","modified_gmt":"2017-08-23T17:50:43","slug":"desmonte-da-saude-da-mulher-foi-tema-central-de-conferencia-nacional-em-brasilia","status":"publish","type":"post","link":"https:\/\/hostnetart.com.br\/baixada\/desmonte-da-saude-da-mulher-foi-tema-central-de-conferencia-nacional-em-brasilia\/","title":{"rendered":"Desmonte da sa\u00fade da mulher foi tema central de Confer\u00eancia Nacional em Bras\u00edlia"},"content":{"rendered":"<p>Resist\u00eancia e lutas traduziram os tr\u00eas dias de debates da 2\u00aa Confer\u00eancia Nacional de Sa\u00fade da Mulher, conforme mostrou o protesto realizado j\u00e1 na abertura oficial do encontro, que aconteceu de 17 a 20 de agosto em Bras\u00edlia\/DF. Para a secret\u00e1ria nacional da Sa\u00fade do Trabalhador, Madalena Margarida, a manifesta\u00e7\u00e3o que escorra\u00e7ou o ministro da Sa\u00fade da mesa e o ato p\u00fablico realizado horas antes, foram o combust\u00edvel para o enfrentamento ao desmonte do Estado que est\u00e1 sendo promovido pelo atual governo.<\/p>\n<p>\u201cA maioria das mulheres j\u00e1 chegou com essa perspectiva, pois como foi um espa\u00e7o constru\u00eddo na resist\u00eancia, a etapa nacional simbolizou tudo o que a gente vivenciou nos munic\u00edpios e estados. Ent\u00e3o essa 2\u00aa confer\u00eancia representa, nas nossas vidas, apenas um passo extraordin\u00e1rio que demos, n\u00e3o no avan\u00e7o da pol\u00edtica, mas no sentido de termos mulheres mais inseridas nos debates e retomando os espa\u00e7os de discuss\u00e3o sobre os direitos sexuais e reprodutivos e sobre a sa\u00fade da mulher\u201d, avaliou a dirigente.<\/p>\n<p>A partir de agora, explicou Madalena, a CUT ter\u00e1 outra tarefa: fazer o debate interno de articula\u00e7\u00e3o com o movimento de mulheres e a constru\u00e7\u00e3o de um manifesto. \u201cPrecisamos pegar tudo o que a gente conseguiu aprovar at\u00e9 aqui, todos os avan\u00e7os e ac\u00famulo do debate, que \u00e9 mais importante que a proposta, e trazer para dentro. Fazer com que os sindicatos e nossos dirigentes participem mais do controle social. Constru\u00edmos as propostas, as mo\u00e7\u00f5es, as emendas, discutimos, ampliamos e agora \u00e9 hora de pegar o documento finalizado e discutir com nossas bases como vamos lutar por essa implementa\u00e7\u00e3o.\u201d<\/p>\n<p>Segundo ela, nos quatro eixos debatidos na Confer\u00eancia, conforme documento orientador publicado pelo Conselho Nacional de Sa\u00fade, o mote era o de resist\u00eancia, enfrentamento e indigna\u00e7\u00e3o com o sucateamento do Sistema \u00danico de Sa\u00fade e, consequentemente, \u00e0 sa\u00fade da mulher. Com isso foram aprovadas propostas em rela\u00e7\u00e3o \u00e0 sa\u00fade sexual reprodutiva, al\u00e9m de uma mo\u00e7\u00e3o contra o Estatuto do Nascituro.<\/p>\n<p>Em rela\u00e7\u00e3o \u00e0 sa\u00fade da mulher trabalhadora, a dirigente afirmou que \u00e9 extremamente desolador saber que na nova legisla\u00e7\u00e3o trabalhista aprovada pelo Congresso Nacional em 12 de julho e que entrar\u00e1 em vigor a partir de novembro, o impacto para a vida das mulheres ser\u00e1 bem maior. \u201cMas nada nunca foi de gra\u00e7a pra gente e acho que as mulheres v\u00e3o encontrar uma forma de fazer o enfrentamento a essa lei. As vaias da abertura do evento mostraram isso: vamos para o enfrentamento seja com o patr\u00e3o, seja com esse governo golpista. N\u00e3o iremos nos calar!\u201d<\/p>\n<p>O documento final da 2\u00aa Confer\u00eancia Nacional de Sa\u00fade da Mulher, que tem mais de 300 propostas, est\u00e1 previsto para ser apresentado a partir da segunda quinzena de setembro deste ano, quando a Comiss\u00e3o Nacional Organizadora se reunir\u00e1 para produzir o relat\u00f3rio. A previs\u00e3o \u00e9 entregar ao Conselho Nacional de Sa\u00fade em outubro.<\/p>\n<p><strong>Fonte: CUT<\/strong><\/p>\n","protected":false},"excerpt":{"rendered":"<p>Resist\u00eancia e lutas traduziram os tr\u00eas dias de debates da 2\u00aa Confer\u00eancia Nacional de Sa\u00fade da Mulher, conforme mostrou o protesto realizado j\u00e1 na abertura oficial do encontro, que aconteceu de 17 a 20 de agosto em Bras\u00edlia\/DF. Para a secret\u00e1ria nacional da Sa\u00fade do Trabalhador, Madalena Margarida, a manifesta\u00e7\u00e3o que escorra\u00e7ou o ministro da [&hellip;]<\/p>\n","protected":false},"author":2,"featured_media":2896,"comment_status":"","ping_status":"","sticky":false,"template":"","format":"standard","meta":{"footnotes":""},"categories":[3],"tags":[],"class_list":["post-2897","post","type-post","status-publish","format-standard","has-post-thumbnail","hentry","category-noticias"],"_links":{"self":[{"href":"https:\/\/hostnetart.com.br\/baixada\/wp-json\/wp\/v2\/posts\/2897","targetHints":{"allow":["GET"]}}],"collection":[{"href":"https:\/\/hostnetart.com.br\/baixada\/wp-json\/wp\/v2\/posts"}],"about":[{"href":"https:\/\/hostnetart.com.br\/baixada\/wp-json\/wp\/v2\/types\/post"}],"author":[{"embeddable":true,"href":"https:\/\/hostnetart.com.br\/baixada\/wp-json\/wp\/v2\/users\/2"}],"replies":[{"embeddable":true,"href":"https:\/\/hostnetart.com.br\/baixada\/wp-json\/wp\/v2\/comments?post=2897"}],"version-history":[{"count":0,"href":"https:\/\/hostnetart.com.br\/baixada\/wp-json\/wp\/v2\/posts\/2897\/revisions"}],"wp:featuredmedia":[{"embeddable":true,"href":"https:\/\/hostnetart.com.br\/baixada\/wp-json\/wp\/v2\/media\/2896"}],"wp:attachment":[{"href":"https:\/\/hostnetart.com.br\/baixada\/wp-json\/wp\/v2\/media?parent=2897"}],"wp:term":[{"taxonomy":"category","embeddable":true,"href":"https:\/\/hostnetart.com.br\/baixada\/wp-json\/wp\/v2\/categories?post=2897"},{"taxonomy":"post_tag","embeddable":true,"href":"https:\/\/hostnetart.com.br\/baixada\/wp-json\/wp\/v2\/tags?post=2897"}],"curies":[{"name":"wp","href":"https:\/\/api.w.org\/{rel}","templated":true}]}}