{"id":2895,"date":"2017-08-23T14:47:11","date_gmt":"2017-08-23T17:47:11","guid":{"rendered":"https:\/\/hostnetart.com.br\/baixada\/1-seminario-de-seguranca-bancaria-da-contraf-cut-debate-estrategias-contra-violencia-nas-agencias\/"},"modified":"2017-08-23T14:47:11","modified_gmt":"2017-08-23T17:47:11","slug":"1-seminario-de-seguranca-bancaria-da-contraf-cut-debate-estrategias-contra-violencia-nas-agencias","status":"publish","type":"post","link":"https:\/\/hostnetart.com.br\/baixada\/1-seminario-de-seguranca-bancaria-da-contraf-cut-debate-estrategias-contra-violencia-nas-agencias\/","title":{"rendered":"1\u00ba Semin\u00e1rio de Seguran\u00e7a Banc\u00e1ria da Contraf-CUT debate estrat\u00e9gias contra viol\u00eancia nas ag\u00eancias"},"content":{"rendered":"<p>Aconteceu nesta ter\u00e7a-feira (22), no Audit\u00f3rio Amarelo do Sindicato dos Banc\u00e1rios de S\u00e3o Paulo, Osasco e Regi\u00e3o, o 1\u00ba Semin\u00e1rio de Seguran\u00e7a Banc\u00e1ria da Confedera\u00e7\u00e3o Nacional dos Trabalhadores do Ramo Financeiro (Contraf-CUT). O evento aborda as mudan\u00e7as na Lei de Seguran\u00e7a Privada, Inova\u00e7\u00f5es Tecnol\u00f3gicas na Seguran\u00e7a Banc\u00e1ria, Organiza\u00e7\u00e3o dos Trabalhadores contra a viol\u00eancia e como os vigilantes e banc\u00e1rios enfrentam as situa\u00e7\u00f5es de medo nas ag\u00eancias.<\/p>\n<p>De acordo com o presidente da Contraf-CUT, Roberto von der Osten, a realiza\u00e7\u00e3o do semin\u00e1rio visa disseminar os debates sobre seguran\u00e7a banc\u00e1ria entre as federa\u00e7\u00f5es e sindicatos, para que seja poss\u00edvel diminuir os casos de viol\u00eancia contra a categoria. \u201cN\u00e3o queremos viol\u00eancia e riscos no nosso trabalho. Os ataques \u00e0 bancos, principalmente os que colocam em risco a vida humana e que nos amedrontam, tem que ser evitados\u201d, disse o presidente da Contraf-CUT, que ressaltou que o semin\u00e1rio discutir\u00e1 os ataques e a estrat\u00e9gia para impedir ou minimizar os danos f\u00edsicos e psicol\u00f3gicos. \u201cExistem maneiras para evit\u00e1-los, mas sempre esbarram na negativa dos bancos em investir na seguran\u00e7a das pessoas. Est\u00e3o mais interessados na seguran\u00e7a patrimonial\u201d, criticou.<br \/>Mesmo com a preocupa\u00e7\u00e3o em aprimorar os cuidados com a seguran\u00e7a, ainda h\u00e1 muita dificuldade em mensurar os casos de viol\u00eancia nas ag\u00eancias. \u201cEssa cultura de seguran\u00e7a precisa ser repassada \u00e0s entidades. N\u00e3o temos estat\u00edsticas precisas de ataques aos bancos porque nem todos os sindicatos fazem esse acompanhamento\u201d, afirmou Gustavo Tabatinga, coordenador do Coletivo de Seguran\u00e7a Banc\u00e1ria da Contraf-CUT.<\/p>\n<p>Para o advogado Gutemberg Oliveira, esses ataques podem provocar tamb\u00e9m adoecimento nos trabalhadores. \u201cA s\u00edndrome do p\u00e2nico, por exemplo, \u00e9 uma doen\u00e7a causada quando a seguran\u00e7a falha e o trabalhador sofre viol\u00eancia\u201d, explicou.<br \/>A implanta\u00e7\u00e3o de portas de seguran\u00e7a com recuo antes do autoatendimento, c\u00e2meras de monitoramento em tempo real, vidro blindado nas faixadas, aberturas das ag\u00eancias feitas pelas ag\u00eancias de seguran\u00e7a, biombos entre filas e caixas est\u00e3o entre as propostas do advogado para a melhoria da seguran\u00e7a banc\u00e1ria. \u201cPrecisamos fazer a interdi\u00e7\u00e3o das ag\u00eancias quando n\u00e3o \u00e9 constatado o plano de seguran\u00e7a pela pol\u00edcia federal. Essa atitude vai mexer com a imagem da institui\u00e7\u00e3o financeira. Esses s\u00e3o alguns dos desafios que precisam de altera\u00e7\u00f5es, seja na lei ou em acordo coletivo\u201d, disse Gutemberg.<br \/>\u201cEsperamos poder levar o conte\u00fado discutido aqui para diversas entidades, fazer encontros regionais e com a ajuda dos sindicatos e federa\u00e7\u00f5es fazer com que os banc\u00e1rios tenham acesso a uma cultura de seguran\u00e7a, que auxilie a enfrentar o medo e a reduzir os ataques\u201d, concluiu Gustavo.<\/p>\n<p>Fonte: Contraf-CUT<\/p>\n","protected":false},"excerpt":{"rendered":"<p>Aconteceu nesta ter\u00e7a-feira (22), no Audit\u00f3rio Amarelo do Sindicato dos Banc\u00e1rios de S\u00e3o Paulo, Osasco e Regi\u00e3o, o 1\u00ba Semin\u00e1rio de Seguran\u00e7a Banc\u00e1ria da Confedera\u00e7\u00e3o Nacional dos Trabalhadores do Ramo Financeiro (Contraf-CUT). O evento aborda as mudan\u00e7as na Lei de Seguran\u00e7a Privada, Inova\u00e7\u00f5es Tecnol\u00f3gicas na Seguran\u00e7a Banc\u00e1ria, Organiza\u00e7\u00e3o dos Trabalhadores contra a viol\u00eancia e como [&hellip;]<\/p>\n","protected":false},"author":2,"featured_media":2894,"comment_status":"","ping_status":"","sticky":false,"template":"","format":"standard","meta":{"footnotes":""},"categories":[3],"tags":[],"class_list":["post-2895","post","type-post","status-publish","format-standard","has-post-thumbnail","hentry","category-noticias"],"_links":{"self":[{"href":"https:\/\/hostnetart.com.br\/baixada\/wp-json\/wp\/v2\/posts\/2895","targetHints":{"allow":["GET"]}}],"collection":[{"href":"https:\/\/hostnetart.com.br\/baixada\/wp-json\/wp\/v2\/posts"}],"about":[{"href":"https:\/\/hostnetart.com.br\/baixada\/wp-json\/wp\/v2\/types\/post"}],"author":[{"embeddable":true,"href":"https:\/\/hostnetart.com.br\/baixada\/wp-json\/wp\/v2\/users\/2"}],"replies":[{"embeddable":true,"href":"https:\/\/hostnetart.com.br\/baixada\/wp-json\/wp\/v2\/comments?post=2895"}],"version-history":[{"count":0,"href":"https:\/\/hostnetart.com.br\/baixada\/wp-json\/wp\/v2\/posts\/2895\/revisions"}],"wp:featuredmedia":[{"embeddable":true,"href":"https:\/\/hostnetart.com.br\/baixada\/wp-json\/wp\/v2\/media\/2894"}],"wp:attachment":[{"href":"https:\/\/hostnetart.com.br\/baixada\/wp-json\/wp\/v2\/media?parent=2895"}],"wp:term":[{"taxonomy":"category","embeddable":true,"href":"https:\/\/hostnetart.com.br\/baixada\/wp-json\/wp\/v2\/categories?post=2895"},{"taxonomy":"post_tag","embeddable":true,"href":"https:\/\/hostnetart.com.br\/baixada\/wp-json\/wp\/v2\/tags?post=2895"}],"curies":[{"name":"wp","href":"https:\/\/api.w.org\/{rel}","templated":true}]}}