{"id":2885,"date":"2017-08-21T16:01:07","date_gmt":"2017-08-21T19:01:07","guid":{"rendered":"https:\/\/hostnetart.com.br\/baixada\/13-reuniao-conjunta-das-redes-sindicais-de-bancos-internacionais-terminou-na-quinta-feira-17\/"},"modified":"2017-08-21T16:01:07","modified_gmt":"2017-08-21T19:01:07","slug":"13-reuniao-conjunta-das-redes-sindicais-de-bancos-internacionais-terminou-na-quinta-feira-17","status":"publish","type":"post","link":"https:\/\/hostnetart.com.br\/baixada\/13-reuniao-conjunta-das-redes-sindicais-de-bancos-internacionais-terminou-na-quinta-feira-17\/","title":{"rendered":"13\u00aa Reuni\u00e3o Conjunta das Redes Sindicais de Bancos Internacionais terminou na quinta-feira (17)"},"content":{"rendered":"<h2><em><span style=\"text-decoration: underline;\">Encontro destacou a import\u00e2ncia da unidade na Am\u00e9rica Latina\u00a0 <\/span><\/em><\/h2>\n<p>Durante toda a quarta-feira (16), as Redes Sindicais de Bancos Internacionais se reuniram individualmente, em Assun\u00e7\u00e3o, Paraguai, para discutir os problemas espec\u00edficos de cada rede na Am\u00e9rica Latina.\u00a0 Os dirigentes da Confedera\u00e7\u00e3o Nacional dos Trabalhadores do Ramo Financeiro (Contraf-CUT) participaram das reuni\u00f5es das redes do Banco do Brasil, Ita\u00fa e Santander. A ata ser\u00e1 produzida pelos coordenadores continentais e ser\u00e3o disponibilizadas no site em breve.<\/p>\n<p>\u201cO evento nos permitiu ter uma real no\u00e7\u00e3o do movimento globalizado que os bancos imp\u00f5em aos trabalhadores e conclu\u00edmos que \u00e9 preciso construir uma unidade na diversidade e firmar a alian\u00e7a em defesa da seguridade social contra os ataques aos direitos trabalhistas\u201d, afirmou Roberto von der Osten, presidente da Contraf-CUT.<\/p>\n<p><strong>Uni Am\u00e9ricas Finan\u00e7as lan\u00e7a Alian\u00e7a Latino Americana em Defesa da Seguridade Social e da Previd\u00eancia<\/strong><\/p>\n<p>Ainda na quarta-feira (16), a Uni Am\u00e9ricas Finan\u00e7as lan\u00e7ou a Alian\u00e7a Latino-americana em Defesa da Seguridade Social e de Previd\u00eancia. O objetivo do grupo, idealizado durante a 4\u00ba Confer\u00eancia Regional da Uni Am\u00e9rica Finan\u00e7as, \u00e9 organizar uma mobiliza\u00e7\u00e3o de luta pelos interesses dos trabalhadores na Seguridade Social, atacada por governo conservadores, que comandam autoritariamente o Brasil, Argentina, Col\u00f4mbia, Paraguai e Chile.<\/p>\n<p>Segundo Mario Raia, secret\u00e1rio de Rela\u00e7\u00f5es Internacionais da Contraf-CUT, a seguridade social foi definida pela OIT como direito social que assiste toda a pessoa a ter acesso ao menos a prote\u00e7\u00e3o b\u00e1sica. O estado deve executar pol\u00edticas que garantam o bem-estar da popula\u00e7\u00e3o, assim como sa\u00fade, educa\u00e7\u00e3o, trabalho e previd\u00eancia. Entretanto, na Am\u00e9rica Latina, nos \u00faltimos anos, a Previd\u00eancia Social tem sofrido muitos danos com a crise financeira e de experimentos que implementaram diferentes governos. Esse preju\u00edzo foi percebido concretamente pelos trabalhadores e aposentados. \u201cOs trabalhadores tamb\u00e9m investem na Previd\u00eancia Social e, por isso, estamos lutando para que eles tamb\u00e9m possam fazer parte da gest\u00e3o com o lan\u00e7amento desta campanha\u201d, explicou.<\/p>\n<p><strong>Entrega de documento ao Minist\u00e9rio do Trabalho, Emprego e Seguridade Social<\/strong><\/p>\n<p>Na quinta-feira (18), todos os participantes da reuni\u00e3o de Redes Sindicais fizeram uma marcha pelo centro de Assun\u00e7\u00e3o at\u00e9 chegar no Minist\u00e9rio do Trabalho, Emprego e Seguridade Social. Foi entregue uma carta com den\u00fancias sobre o descumprimento de acordos da classe patronal, solicita\u00e7\u00e3o de observ\u00e2ncia da legaliza\u00e7\u00e3o de diferentes sindicatos, inclusive, criticando o n\u00e3o reconhecimento de alguns. A carta ainda denuncia, que embora o Minist\u00e9rio do Trabalho tenha uma Comiss\u00e3o Tripartite para tratar desses casos, esta comiss\u00e3o n\u00e3o tem funcionado. <\/p>\n<p><strong>Reuni\u00e3o do Comit\u00ea Executivo Uni Am\u00e9ricas Finan\u00e7as<\/strong><\/p>\n<p>A reuni\u00e3o, coordenada por Roberto von der Osten, presidente da Contraf-CUT, contou com a participa\u00e7\u00e3o da vice-presidenta da Contraf-CUT, Juvandia Moreira, da presidenta do Sindicato dos Banc\u00e1rios de S\u00e3o Paulo e Regi\u00e3o, Ivone Silva, da presidenta da Uni Finan\u00e7as Mundial, Rita Berlofa, do secret\u00e1rio de Rela\u00e7\u00f5es Internacionais da Contraf-CUT, Mario Raia e da presidenta da Fetrafi-MG, Magaly Fagundes.<\/p>\n<p>Ap\u00f3s uma explana\u00e7\u00e3o sobre as atividades realizadas durante todo o ano, o Comit\u00ea aprovou ainda uma declara\u00e7\u00e3o contra inger\u00eancia pol\u00edtica do Santander em diferentes graus nos pa\u00edses Brasil e Argentina, e citando o banco como um dos respons\u00e1veis pela crise em Porto Rico.<\/p>\n<p>&#8220;O encontro foi muito importante para discutir as quest\u00f5es que est\u00e3o atingindo o trabalhador como a volta do ataque neoliberal na regi\u00e3o, desta vez ainda mais agressivo, e tamb\u00e9m ressaltar que o capitalismo, que al\u00e9m de aniquilar direitos dos trabalhadores, agora ataca a seguridade social&#8221;, afirmou Mario Raia.<br \/>\u00a0<\/p>\n<p><strong>Fonte: Contraf-CUT<\/strong><\/p>\n","protected":false},"excerpt":{"rendered":"<p>Encontro destacou a import\u00e2ncia da unidade na Am\u00e9rica Latina\u00a0 Durante toda a quarta-feira (16), as Redes Sindicais de Bancos Internacionais se reuniram individualmente, em Assun\u00e7\u00e3o, Paraguai, para discutir os problemas espec\u00edficos de cada rede na Am\u00e9rica Latina.\u00a0 Os dirigentes da Confedera\u00e7\u00e3o Nacional dos Trabalhadores do Ramo Financeiro (Contraf-CUT) participaram das reuni\u00f5es das redes do Banco [&hellip;]<\/p>\n","protected":false},"author":2,"featured_media":2884,"comment_status":"","ping_status":"","sticky":false,"template":"","format":"standard","meta":{"footnotes":""},"categories":[3],"tags":[],"class_list":["post-2885","post","type-post","status-publish","format-standard","has-post-thumbnail","hentry","category-noticias"],"_links":{"self":[{"href":"https:\/\/hostnetart.com.br\/baixada\/wp-json\/wp\/v2\/posts\/2885","targetHints":{"allow":["GET"]}}],"collection":[{"href":"https:\/\/hostnetart.com.br\/baixada\/wp-json\/wp\/v2\/posts"}],"about":[{"href":"https:\/\/hostnetart.com.br\/baixada\/wp-json\/wp\/v2\/types\/post"}],"author":[{"embeddable":true,"href":"https:\/\/hostnetart.com.br\/baixada\/wp-json\/wp\/v2\/users\/2"}],"replies":[{"embeddable":true,"href":"https:\/\/hostnetart.com.br\/baixada\/wp-json\/wp\/v2\/comments?post=2885"}],"version-history":[{"count":0,"href":"https:\/\/hostnetart.com.br\/baixada\/wp-json\/wp\/v2\/posts\/2885\/revisions"}],"wp:featuredmedia":[{"embeddable":true,"href":"https:\/\/hostnetart.com.br\/baixada\/wp-json\/wp\/v2\/media\/2884"}],"wp:attachment":[{"href":"https:\/\/hostnetart.com.br\/baixada\/wp-json\/wp\/v2\/media?parent=2885"}],"wp:term":[{"taxonomy":"category","embeddable":true,"href":"https:\/\/hostnetart.com.br\/baixada\/wp-json\/wp\/v2\/categories?post=2885"},{"taxonomy":"post_tag","embeddable":true,"href":"https:\/\/hostnetart.com.br\/baixada\/wp-json\/wp\/v2\/tags?post=2885"}],"curies":[{"name":"wp","href":"https:\/\/api.w.org\/{rel}","templated":true}]}}