{"id":2881,"date":"2017-08-21T15:57:42","date_gmt":"2017-08-21T18:57:42","guid":{"rendered":"https:\/\/hostnetart.com.br\/baixada\/empregados-da-caixa-entregarao-carta-aberta-a-populacao-na-quarta-feira-23\/"},"modified":"2017-08-21T15:57:42","modified_gmt":"2017-08-21T18:57:42","slug":"empregados-da-caixa-entregarao-carta-aberta-a-populacao-na-quarta-feira-23","status":"publish","type":"post","link":"https:\/\/hostnetart.com.br\/baixada\/empregados-da-caixa-entregarao-carta-aberta-a-populacao-na-quarta-feira-23\/","title":{"rendered":"Empregados da Caixa entregar\u00e3o Carta Aberta \u00e0 Popula\u00e7\u00e3o na quarta-feira (23)"},"content":{"rendered":"<p>Ser\u00e3o realizados atos em ag\u00eancias do banco em todo o pa\u00eds; durante os atos, ser\u00e3o colhidas assinaturas em um abaixo-assinado contra o desmonte do banco<\/p>\n<p>Os empregados da Caixa Econ\u00f4mica Federal realizar\u00e3o atos nas ag\u00eancias do banco em todo o pa\u00eds na pr\u00f3xima quarta-feira (23) em defesa do banco 100% P\u00fablico e por melhores condi\u00e7\u00f5es de trabalho. A Comiss\u00e3o Executiva dos Empregados (CEE) da Caixa, a Confedera\u00e7\u00e3o Nacional dos Trabalhadores do Ramo Financeiro (Contraf-CUT) e a Federa\u00e7\u00e3o Nacional das Associa\u00e7\u00f5es de Pessoal da Caixa (Fenae) prepararam uma \u201cCarta Aberta\u201d que ser\u00e1 entregue \u00e0 popula\u00e7\u00e3o e aos empregados explicando o processo de desmonte do banco afeta toda a sociedade.<\/p>\n<p>O documento diz que \u201cO governo Temer vem tomando uma s\u00e9rie de medidas que levar\u00e3o ao desmonte total da Caixa Econ\u00f4mica Federal como banco p\u00fablico. Ag\u00eancias na sua cidade, ou no seu bairro, est\u00e3o em risco de serem fechadas por uma decis\u00e3o pol\u00edtica desse governo, que tamb\u00e9m est\u00e1 reduzindo os investimentos na constru\u00e7\u00e3o de moradias e a capacidade de atendimento pessoal \u00e0 popula\u00e7\u00e3o. Estas medidas prejudicam o car\u00e1ter do banco enquanto institui\u00e7\u00e3o p\u00fablica e fazem com que a Caixa descumpra seu papel social.\u201d<\/p>\n<p>Em reuni\u00e3o com dire\u00e7\u00e3o da Caixa ocorrida na ter\u00e7a-feira (15\/8), representantes dos trabalhadores foram informados que 100 ag\u00eancias est\u00e3o sendo reavaliadas e poder\u00e3o ser fechadas ou fundidas com outras unidades, dependendo do seu desempenho, principalmente o financeiro.<\/p>\n<p>\u201cUm banco p\u00fablico tem que contribuir para que o governo atenda a popula\u00e7\u00e3o em todas as cidades do pa\u00eds. Mas, \u00e9 cada vez maior o n\u00famero de bairros e munic\u00edpios que n\u00e3o possuem nenhuma ag\u00eancia banc\u00e1ria. As pessoas precisam se deslocar at\u00e9 cidades, ou bairros vizinhos para encontrar uma ag\u00eancia banc\u00e1ria\u201d, disse Dion\u00edsio Reis, coordenador da CEE\/Caixa.<\/p>\n<p>A Carta Aberta informa ainda que a Caixa tem reduzido o percentual dos empr\u00e9stimos para a compra da casa pr\u00f3pria e no programa Minha Casa, Minha Vida. \u201cIsso faz com que somente pessoas que tenham uma boa parte do valor do im\u00f3vel tenham acesso aos financiamentos. Pessoas que ganham pouco e n\u00e3o t\u00eam recursos pr\u00f3prios s\u00e3o impedidas de comprar a casa pr\u00f3pria\u201d, alerta o coordenador da CEE\/Caixa.<\/p>\n<p>Durante o ato, ser\u00e3o colhidas assinaturas em um abaixo-assinado contra o fechamento de ag\u00eancias; pedindo a contrata\u00e7\u00e3o de mais funcion\u00e1rios para melhorar o atendimento \u00e0 popula\u00e7\u00e3o e para reduzir o tempo de espera nas filas, mais investimento em pol\u00edticas sociais, como a constru\u00e7\u00e3o de moradias e em defesa dos bancos p\u00fablicos e da Caixa 100% p\u00fablica.<\/p>\n<p><strong>Atos semanais<\/strong><br \/>Os empregados da Caixa realizar\u00e3o atos semanais, todas as quartas-feiras, para denunciar o desmonte dos bancos p\u00fablicos realizado pelo governo Temer.<\/p>\n<p>Os associados da Contraf-CUT podem baixar os arquivos para impress\u00e3o da Carta Aberta e do abaixo-assinado na \u00e1rea restrita do site da entidade. Os demais t\u00eam acesso as vers\u00f5es para internet nos links abaixo.<\/p>\n","protected":false},"excerpt":{"rendered":"<p>Ser\u00e3o realizados atos em ag\u00eancias do banco em todo o pa\u00eds; durante os atos, ser\u00e3o colhidas assinaturas em um abaixo-assinado contra o desmonte do banco Os empregados da Caixa Econ\u00f4mica Federal realizar\u00e3o atos nas ag\u00eancias do banco em todo o pa\u00eds na pr\u00f3xima quarta-feira (23) em defesa do banco 100% P\u00fablico e por melhores condi\u00e7\u00f5es [&hellip;]<\/p>\n","protected":false},"author":2,"featured_media":2880,"comment_status":"","ping_status":"","sticky":false,"template":"","format":"standard","meta":{"footnotes":""},"categories":[3],"tags":[],"class_list":["post-2881","post","type-post","status-publish","format-standard","has-post-thumbnail","hentry","category-noticias"],"_links":{"self":[{"href":"https:\/\/hostnetart.com.br\/baixada\/wp-json\/wp\/v2\/posts\/2881","targetHints":{"allow":["GET"]}}],"collection":[{"href":"https:\/\/hostnetart.com.br\/baixada\/wp-json\/wp\/v2\/posts"}],"about":[{"href":"https:\/\/hostnetart.com.br\/baixada\/wp-json\/wp\/v2\/types\/post"}],"author":[{"embeddable":true,"href":"https:\/\/hostnetart.com.br\/baixada\/wp-json\/wp\/v2\/users\/2"}],"replies":[{"embeddable":true,"href":"https:\/\/hostnetart.com.br\/baixada\/wp-json\/wp\/v2\/comments?post=2881"}],"version-history":[{"count":0,"href":"https:\/\/hostnetart.com.br\/baixada\/wp-json\/wp\/v2\/posts\/2881\/revisions"}],"wp:featuredmedia":[{"embeddable":true,"href":"https:\/\/hostnetart.com.br\/baixada\/wp-json\/wp\/v2\/media\/2880"}],"wp:attachment":[{"href":"https:\/\/hostnetart.com.br\/baixada\/wp-json\/wp\/v2\/media?parent=2881"}],"wp:term":[{"taxonomy":"category","embeddable":true,"href":"https:\/\/hostnetart.com.br\/baixada\/wp-json\/wp\/v2\/categories?post=2881"},{"taxonomy":"post_tag","embeddable":true,"href":"https:\/\/hostnetart.com.br\/baixada\/wp-json\/wp\/v2\/tags?post=2881"}],"curies":[{"name":"wp","href":"https:\/\/api.w.org\/{rel}","templated":true}]}}