{"id":2875,"date":"2017-08-18T03:03:19","date_gmt":"2017-08-18T06:03:19","guid":{"rendered":"https:\/\/hostnetart.com.br\/baixada\/empregados-da-caixa-realizam-atos-em-defesa-do-banco-a-partir-da-proxima-quarta-feira\/"},"modified":"2017-08-18T03:03:19","modified_gmt":"2017-08-18T06:03:19","slug":"empregados-da-caixa-realizam-atos-em-defesa-do-banco-a-partir-da-proxima-quarta-feira","status":"publish","type":"post","link":"https:\/\/hostnetart.com.br\/baixada\/empregados-da-caixa-realizam-atos-em-defesa-do-banco-a-partir-da-proxima-quarta-feira\/","title":{"rendered":"Empregados da Caixa realizam atos em defesa do banco a partir da pr\u00f3xima quarta-feira"},"content":{"rendered":"<p><em><span style=\"text-decoration: underline;\">As manifesta\u00e7\u00f5es ocorrer\u00e3o semanalmente at\u00e9 nova reuni\u00e3o com empresa<\/span><\/em><\/p>\n<p>Os trabalhadores da Caixa Econ\u00f4mica Federal de todo o pa\u00eds v\u00e3o realizar, a partir da pr\u00f3xima quarta-feira, atos semanais em defesa do banco 100% P\u00fablico e por melhores condi\u00e7\u00f5es de trabalho. O objetivo destas manifesta\u00e7\u00f5es \u00e9 alertar a popula\u00e7\u00e3o sobre o processo de desmonte da empresa. Durante negocia\u00e7\u00e3o, ocorrida nesta ter\u00e7a-feira (15), representantes do banco anunciaram que 100 ag\u00eancias est\u00e3o sendo reavaliadas e poder\u00e3o ser fechadas ou fundidas com outras unidades, dependendo do seu desempenho, principalmente o financeiro.<\/p>\n<p>\u00a0\u201cNos posicionamos contr\u00e1rios ao fechamento de unidades e refor\u00e7amos que a Caixa \u00e9 um banco que deve manter sua presen\u00e7a em todo o pa\u00eds, que isso faz parte de sua fun\u00e7\u00e3o social. Vamos alertar os brasileiros de que o banco p\u00fablico, respons\u00e1vel por cerca de 70% do cr\u00e9dito imobili\u00e1rio e por programas sociais fundamentais para o pa\u00eds, est\u00e1 sendo desmontado por este governo\u201d, destaca Dion\u00edsio Reis, coordenador da Comiss\u00e3o Executiva dos Empregados (CEE\/Caixa).<\/p>\n<p>A orienta\u00e7\u00e3o, aprovada em reuni\u00e3o de planejamento da CEE, realizada nesta quarta-feira (16), na sede da Fenae em Bras\u00edlia, \u00e9 que sindicatos e federa\u00e7\u00f5es promovam atos p\u00fablicos nas unidades, reuni\u00f5es nos locais de trabalho, audi\u00eancias p\u00fablicas, entres outras iniciativas, para chamar aten\u00e7\u00e3o da sociedade para a pol\u00edtica do governo que visa o enxugamento da Caixa e a redu\u00e7\u00e3o do seu papel social.<\/p>\n<p>A amplia\u00e7\u00e3o das a\u00e7\u00f5es em defesa da Caixa, envolvendo os mais diversos segmentos sociais como prefeituras, c\u00e2maras de vereadores, associa\u00e7\u00f5es de bairro, dentre outros, foi uma das delibera\u00e7\u00f5es do 33\u00ba Congresso Nacional dos Empregados da Caixa Econ\u00f4mica Federal (Conecef), realizado em S\u00e3o Paulo, 29 de junho a 2 de julho deste ano.<\/p>\n<p>\u00a0\u201cA pol\u00edtica de desmonte adotada pelo governo \u00e9 um problema que n\u00e3o afeta somente os trabalhadores da Caixa, mas todos os brasileiros. Em mais de 150 anos de exist\u00eancia o banco financiou a habita\u00e7\u00e3o, obras de infraestrutura, projetos de gera\u00e7\u00e3o de renda, pol\u00edticas sociais, al\u00e9m de cr\u00e9dito com juros mais baixos. N\u00e3o podemos aceitar que o governo restrinja a atua\u00e7\u00e3o da empresa privilegiando interesses privados\u201d, refor\u00e7a o presidente da Fenae, Jair Pedro Ferreira.<\/p>\n<p>Conforme orienta\u00e7\u00e3o da CEE, os atos dever\u00e3o ser realizados todas quartas-feiras \u2013 a partir do dia 23 de agosto- at\u00e9 a pr\u00f3xima negocia\u00e7\u00e3o para pressionar a Caixa a rever medidas que precarizam as condi\u00e7\u00f5es de trabalho e o atendimento \u00e0 popula\u00e7\u00e3o, como fechamento de ag\u00eancias, reestrutura\u00e7\u00e3o, verticaliza\u00e7\u00e3o e a amplia\u00e7\u00e3o do programa Gest\u00e3o de Desempenho de Pessoas (GDP). \u201c Nossa orienta\u00e7\u00e3o \u00e9 que seja distribu\u00edda uma carta aberta aos clientes e usu\u00e1rios e seja feita coleta de assinaturas de abaixo-assinados, para subsidiar audi\u00eancias p\u00fablicas, visitas \u00e0s c\u00e2maras de vereadores e nas pr\u00f3prias entidades, conforme o calend\u00e1rio deliberado em cada regi\u00e3o\u201d, acrescenta Dion\u00edsio Reis.<\/p>\n<p>A Contraf-CUT disponibilizar\u00e1 a partir desta sexta-feira (17) a carta aberta \u00e0 popula\u00e7\u00e3o.<\/p>\n<p><strong>\u00a0Nenhum Direito a Menos<\/strong><\/p>\n<p>Na reuni\u00e3o desta quarta-feira, a CEE\/Caixa avaliou que \u00e9 fundamental o engajamento dos empregados da Caixa na Campanha Nacional em Defesa do Emprego e dos Direitos 2017, coordenada pela Contraf-CUT e o Comando Nacional dos Banc\u00e1rios.<\/p>\n<p>No dia 8 de agosto, o comando entregou \u00e0 Federa\u00e7\u00e3o dos Bancos Termo de Compromisso que cont\u00e9m 21 pontos que visam a prote\u00e7\u00e3o dos empregos e de direitos hist\u00f3ricos da categoria, amea\u00e7ados pela Lei das Terceiriza\u00e7\u00f5es (13.429\/2017) e a nova Lei Trabalhista (13.467\/2017). O objetivo \u00e9 defender os trabalhadores dos efeitos nocivos dessas leis.<\/p>\n<p>Outro encaminhamento deliberado pela CEE\/Caixa foi de que ir\u00e1 definir estrat\u00e9gia jur\u00eddica de enfrentamento a pr\u00e1tica do Caixa Minuto, o que considera ser a \u201cuberiza\u00e7\u00e3o\u201d do trabalho. Na mesa permanente, o banco informou que tem, atualmente, 12.180 caixas efetivos e que no m\u00eas de junho 22 mil trabalhadores atuaram como caixa ganhando por minuto.<\/p>\n<p>Dias de Greve<\/p>\n<p>Durante a mesa de negocia\u00e7\u00e3o, os trabalhadores cobraram da Caixa posicionamento sobre a ades\u00e3o \u00e0s greves gerais de 15 de mar\u00e7o, 28 de abril e de 30 de junho.\u00a0 A Comiss\u00e3o reivindicou que o banco retire a classifica\u00e7\u00e3o de \u2018falta injustificada\u2019 e substitua por \u2018falta greve\u2019\u201d, para evitar preju\u00edzos no encarreiramento dos empregados. A empresa ficou de analisar a reivindica\u00e7\u00e3o.<br \/>\u00a0<\/p>\n<p><em><strong>Fonte: Fenae<\/strong><\/em><\/p>\n","protected":false},"excerpt":{"rendered":"<p>As manifesta\u00e7\u00f5es ocorrer\u00e3o semanalmente at\u00e9 nova reuni\u00e3o com empresa Os trabalhadores da Caixa Econ\u00f4mica Federal de todo o pa\u00eds v\u00e3o realizar, a partir da pr\u00f3xima quarta-feira, atos semanais em defesa do banco 100% P\u00fablico e por melhores condi\u00e7\u00f5es de trabalho. O objetivo destas manifesta\u00e7\u00f5es \u00e9 alertar a popula\u00e7\u00e3o sobre o processo de desmonte da empresa. [&hellip;]<\/p>\n","protected":false},"author":2,"featured_media":2874,"comment_status":"","ping_status":"","sticky":false,"template":"","format":"standard","meta":{"footnotes":""},"categories":[3],"tags":[],"class_list":["post-2875","post","type-post","status-publish","format-standard","has-post-thumbnail","hentry","category-noticias"],"_links":{"self":[{"href":"https:\/\/hostnetart.com.br\/baixada\/wp-json\/wp\/v2\/posts\/2875","targetHints":{"allow":["GET"]}}],"collection":[{"href":"https:\/\/hostnetart.com.br\/baixada\/wp-json\/wp\/v2\/posts"}],"about":[{"href":"https:\/\/hostnetart.com.br\/baixada\/wp-json\/wp\/v2\/types\/post"}],"author":[{"embeddable":true,"href":"https:\/\/hostnetart.com.br\/baixada\/wp-json\/wp\/v2\/users\/2"}],"replies":[{"embeddable":true,"href":"https:\/\/hostnetart.com.br\/baixada\/wp-json\/wp\/v2\/comments?post=2875"}],"version-history":[{"count":0,"href":"https:\/\/hostnetart.com.br\/baixada\/wp-json\/wp\/v2\/posts\/2875\/revisions"}],"wp:featuredmedia":[{"embeddable":true,"href":"https:\/\/hostnetart.com.br\/baixada\/wp-json\/wp\/v2\/media\/2874"}],"wp:attachment":[{"href":"https:\/\/hostnetart.com.br\/baixada\/wp-json\/wp\/v2\/media?parent=2875"}],"wp:term":[{"taxonomy":"category","embeddable":true,"href":"https:\/\/hostnetart.com.br\/baixada\/wp-json\/wp\/v2\/categories?post=2875"},{"taxonomy":"post_tag","embeddable":true,"href":"https:\/\/hostnetart.com.br\/baixada\/wp-json\/wp\/v2\/tags?post=2875"}],"curies":[{"name":"wp","href":"https:\/\/api.w.org\/{rel}","templated":true}]}}