{"id":2873,"date":"2017-08-18T03:00:49","date_gmt":"2017-08-18T06:00:49","guid":{"rendered":"https:\/\/hostnetart.com.br\/baixada\/desemprego-e-maior-entre-jovens-mulheres-e-negros-e-no-nordeste\/"},"modified":"2017-08-18T03:00:49","modified_gmt":"2017-08-18T06:00:49","slug":"desemprego-e-maior-entre-jovens-mulheres-e-negros-e-no-nordeste","status":"publish","type":"post","link":"https:\/\/hostnetart.com.br\/baixada\/desemprego-e-maior-entre-jovens-mulheres-e-negros-e-no-nordeste\/","title":{"rendered":"Desemprego \u00e9 maior entre jovens, mulheres e negros, e no Nordeste"},"content":{"rendered":"<p><span style=\"text-decoration: underline;\"><em>Taxa, de 13% na m\u00e9dia, dobra entre trabalhadores de 18 a 24 anos. Sobe para quase 16% entre pretos (classifica\u00e7\u00e3o do IBGE) e 15% para mulheres<\/em><\/span><\/p>\n<p>Os dados da Pesquisa Nacional por Amostra de Domic\u00edlios Cont\u00ednua (Pnad), divulgados nesta quinta-feira (17), pelo IBGE, retratam a situa\u00e7\u00e3o ruim do mercado de trabalho e a desigualdade no pa\u00eds. As taxas de desemprego s\u00e3o maiores na regi\u00e3o Nordeste e entre trabalhadores jovens e negros, mulheres e pessoas com menos escolaridade.<\/p>\n<p>A m\u00e9dia nacional no segundo trimestre, segundo j\u00e1 havia divulgado o IBGE, foi de 13%, um pouco abaixo do per\u00edodo encerrado em mar\u00e7o (13,7%) e bem acima de igual per\u00edodo do ano passado (11,3%). A estimativa \u00e9 de 13,486 milh\u00f5es de desempregados.<\/p>\n<p>Nos grupos de pessoas de 14 a 17 anos e de 18 a 24 anos, as taxas de desemprego s\u00e3o de 43% e de 27,3%, respectivamente. Esse segundo grupo concentrava 32% dos desempregados do pa\u00eds. A maior parcela era da faixa de 25 a 39 anos (35,1%). Saiba mais.<\/p>\n<p><em><strong>Fonte: Contraf-CUT<\/strong><\/em><\/p>\n","protected":false},"excerpt":{"rendered":"<p>Taxa, de 13% na m\u00e9dia, dobra entre trabalhadores de 18 a 24 anos. Sobe para quase 16% entre pretos (classifica\u00e7\u00e3o do IBGE) e 15% para mulheres Os dados da Pesquisa Nacional por Amostra de Domic\u00edlios Cont\u00ednua (Pnad), divulgados nesta quinta-feira (17), pelo IBGE, retratam a situa\u00e7\u00e3o ruim do mercado de trabalho e a desigualdade no [&hellip;]<\/p>\n","protected":false},"author":2,"featured_media":2872,"comment_status":"","ping_status":"","sticky":false,"template":"","format":"standard","meta":{"footnotes":""},"categories":[3],"tags":[],"class_list":["post-2873","post","type-post","status-publish","format-standard","has-post-thumbnail","hentry","category-noticias"],"_links":{"self":[{"href":"https:\/\/hostnetart.com.br\/baixada\/wp-json\/wp\/v2\/posts\/2873","targetHints":{"allow":["GET"]}}],"collection":[{"href":"https:\/\/hostnetart.com.br\/baixada\/wp-json\/wp\/v2\/posts"}],"about":[{"href":"https:\/\/hostnetart.com.br\/baixada\/wp-json\/wp\/v2\/types\/post"}],"author":[{"embeddable":true,"href":"https:\/\/hostnetart.com.br\/baixada\/wp-json\/wp\/v2\/users\/2"}],"replies":[{"embeddable":true,"href":"https:\/\/hostnetart.com.br\/baixada\/wp-json\/wp\/v2\/comments?post=2873"}],"version-history":[{"count":0,"href":"https:\/\/hostnetart.com.br\/baixada\/wp-json\/wp\/v2\/posts\/2873\/revisions"}],"wp:featuredmedia":[{"embeddable":true,"href":"https:\/\/hostnetart.com.br\/baixada\/wp-json\/wp\/v2\/media\/2872"}],"wp:attachment":[{"href":"https:\/\/hostnetart.com.br\/baixada\/wp-json\/wp\/v2\/media?parent=2873"}],"wp:term":[{"taxonomy":"category","embeddable":true,"href":"https:\/\/hostnetart.com.br\/baixada\/wp-json\/wp\/v2\/categories?post=2873"},{"taxonomy":"post_tag","embeddable":true,"href":"https:\/\/hostnetart.com.br\/baixada\/wp-json\/wp\/v2\/tags?post=2873"}],"curies":[{"name":"wp","href":"https:\/\/api.w.org\/{rel}","templated":true}]}}