{"id":2871,"date":"2017-08-18T02:58:46","date_gmt":"2017-08-18T05:58:46","guid":{"rendered":"https:\/\/hostnetart.com.br\/baixada\/cut-rj-realizara-debate-sobre-impactos-da-reforma-trabalhista\/"},"modified":"2017-08-18T02:58:46","modified_gmt":"2017-08-18T05:58:46","slug":"cut-rj-realizara-debate-sobre-impactos-da-reforma-trabalhista","status":"publish","type":"post","link":"https:\/\/hostnetart.com.br\/baixada\/cut-rj-realizara-debate-sobre-impactos-da-reforma-trabalhista\/","title":{"rendered":"CUT-RJ realizar\u00e1 debate sobre impactos da reforma trabalhista"},"content":{"rendered":"<p><span style=\"text-decoration: underline;\"><em>\u200bNova legisla\u00e7\u00e3o, que entra em vigor em novembro traz enormes preju\u00edzos aos trabalhadores e limita acesso e poder da Justi\u00e7a do Trabalho e dos sindicatos<\/em><\/span><\/p>\n<p>A Central \u00danica dos Trabalhadores do Rio de Janeiro (CUT-RJ) realizar\u00e1 na quarta-feira (23), a partir das 9h30, um semin\u00e1rio para debater \u201cOs impactos da reforma trabalhista\u201d sobre os trabalhadores. O evento acontecer\u00e1 no audit\u00f3rio do Sindicato dos Banc\u00e1rios do Rio de Janeiro (av. Pres. Vargas, 502, 21\u00ba and., Centro, Rio de Janeiro).<\/p>\n<p>\u201cA legisla\u00e7\u00e3o trabalhista que entra em vigor a partir de novembro retira uma s\u00e9rie de direitos dos trabalhadores. Al\u00e9m disso, deixa-os a merc\u00ea do que decidir os empres\u00e1rios ao inibir o acesso e limitar o poder da Justi\u00e7a do Trabalho e dos sindicatos. Temos que nos preparar para isso e mostrar para a popula\u00e7\u00e3o que deputados e senadores votaram contra os trabalhadores\u201d, disse Gentil Ramos, secret\u00e1rio adjunto de Rela\u00e7\u00f5es do Trabalho da CUT-RJ e de Rela\u00e7\u00f5es Sindicais do Sindicato dos Banc\u00e1rios da Baixada Fluminense.<\/p>\n<p><em><strong>Fonte: Contraf-CUT<\/strong><\/em><\/p>\n","protected":false},"excerpt":{"rendered":"<p>\u200bNova legisla\u00e7\u00e3o, que entra em vigor em novembro traz enormes preju\u00edzos aos trabalhadores e limita acesso e poder da Justi\u00e7a do Trabalho e dos sindicatos A Central \u00danica dos Trabalhadores do Rio de Janeiro (CUT-RJ) realizar\u00e1 na quarta-feira (23), a partir das 9h30, um semin\u00e1rio para debater \u201cOs impactos da reforma trabalhista\u201d sobre os trabalhadores. [&hellip;]<\/p>\n","protected":false},"author":2,"featured_media":2870,"comment_status":"","ping_status":"","sticky":false,"template":"","format":"standard","meta":{"footnotes":""},"categories":[3],"tags":[],"class_list":["post-2871","post","type-post","status-publish","format-standard","has-post-thumbnail","hentry","category-noticias"],"_links":{"self":[{"href":"https:\/\/hostnetart.com.br\/baixada\/wp-json\/wp\/v2\/posts\/2871","targetHints":{"allow":["GET"]}}],"collection":[{"href":"https:\/\/hostnetart.com.br\/baixada\/wp-json\/wp\/v2\/posts"}],"about":[{"href":"https:\/\/hostnetart.com.br\/baixada\/wp-json\/wp\/v2\/types\/post"}],"author":[{"embeddable":true,"href":"https:\/\/hostnetart.com.br\/baixada\/wp-json\/wp\/v2\/users\/2"}],"replies":[{"embeddable":true,"href":"https:\/\/hostnetart.com.br\/baixada\/wp-json\/wp\/v2\/comments?post=2871"}],"version-history":[{"count":0,"href":"https:\/\/hostnetart.com.br\/baixada\/wp-json\/wp\/v2\/posts\/2871\/revisions"}],"wp:featuredmedia":[{"embeddable":true,"href":"https:\/\/hostnetart.com.br\/baixada\/wp-json\/wp\/v2\/media\/2870"}],"wp:attachment":[{"href":"https:\/\/hostnetart.com.br\/baixada\/wp-json\/wp\/v2\/media?parent=2871"}],"wp:term":[{"taxonomy":"category","embeddable":true,"href":"https:\/\/hostnetart.com.br\/baixada\/wp-json\/wp\/v2\/categories?post=2871"},{"taxonomy":"post_tag","embeddable":true,"href":"https:\/\/hostnetart.com.br\/baixada\/wp-json\/wp\/v2\/tags?post=2871"}],"curies":[{"name":"wp","href":"https:\/\/api.w.org\/{rel}","templated":true}]}}