{"id":2869,"date":"2017-08-18T02:56:12","date_gmt":"2017-08-18T05:56:12","guid":{"rendered":"https:\/\/hostnetart.com.br\/baixada\/sindicalistas-debatem-impactos-das-reformas-de-temer-sobre-a-populacao-negra\/"},"modified":"2017-08-18T02:56:12","modified_gmt":"2017-08-18T05:56:12","slug":"sindicalistas-debatem-impactos-das-reformas-de-temer-sobre-a-populacao-negra","status":"publish","type":"post","link":"https:\/\/hostnetart.com.br\/baixada\/sindicalistas-debatem-impactos-das-reformas-de-temer-sobre-a-populacao-negra\/","title":{"rendered":"Sindicalistas debatem impactos das reformas de Temer sobre a popula\u00e7\u00e3o negra"},"content":{"rendered":"<p>Redu\u00e7\u00e3o de investimentos em pol\u00edticas p\u00fablicas, terceiriza\u00e7\u00e3o, reformas trabalhista e da Previd\u00eancia trazem mais preju\u00edzos para este segmento da sociedade<\/p>\n<p>Os impactos das reformas do governo Temer sobre a popula\u00e7\u00e3o negra foram tema de debate do encontro do Coletivo Nacional de Combate ao Racismo da Central \u00danica dos Trabalhadores (CUT), que reuniu sindicalistas das cinco regi\u00f5es do Brasil. O encontro foi realizado na segunda e ter\u00e7a-feira (14 e 15) no audit\u00f3rio da Confedera\u00e7\u00e3o Nacional dos Trabalhadores do Ramo Financeiro (Contraf-CUT), em S\u00e3o Paulo.<\/p>\n<p>Na abertura o professor e mestre em Direito Sociais da PUC &#8211; S\u00e3o Paulo, Gabriel Sampaio fez uma an\u00e1lise da conjuntura com enfoque aos ataques contra os trabalhadores e os impactos sobre a popula\u00e7\u00e3o negra.<\/p>\n<p>\u201cN\u00f3s precisamos de mais pol\u00edticas p\u00fablicas, mas neste momento est\u00e3o querendo desconstituir o estado brasileiro como promotor de pol\u00edticas p\u00fablicas. O estado na vis\u00e3o desta classe antidemocr\u00e1tica, antipopular e antinacional \u00e9 um estado que simplesmente quer gerenciar o lucro da burguesia\u201d, afirmou o professor.<\/p>\n<p>Gabriel Sampaio disse ainda que nossa sociedade criminaliza a popula\u00e7\u00e3o negra, principalmente os jovens. \u201cQual \u00e9 a forma de estado que querem reservar para a popula\u00e7\u00e3o negra? \u00c9 um estado penal. Coloca-se atr\u00e1s das grades mais de 60% de jovens negros numa popula\u00e7\u00e3o de 600 mil presos. \u00c9 preciso saber que esta pol\u00edtica tem gerado uma pol\u00edtica de militariza\u00e7\u00e3o de nossas periferias e de morte da juventude negra\u201d. E provocou os presentes ao dizer \u201cque sejamos capazes de levar adiante aquele verso \u2018negro \u00e9 a raiz da liberdade\u2019, que sejamos capazes de construir uma sociedade livre e igualit\u00e1ria a partir da classe trabalhadora\u201d.<\/p>\n<p><span style=\"text-decoration: underline;\"><em>A secret\u00e1ria de combate ao racismo da CUT, Maria Julia Nogueira, explicou que os impactos come\u00e7aram quando foi aprovada a PEC que congela os investimentos p\u00fablicos por 20 anos e, agora, com as reformas trabalhista e da Previd\u00eancia ser\u00e1 ainda pior.<\/em><\/span><\/p>\n<p>\u201cA PEC da Morte, que congela gastos pelos pr\u00f3ximos 20 anos, j\u00e1 trouxe um primeiro impacto. S\u00e3o menos recursos a serem aplicados nas principais politicas p\u00fablicas tais como sa\u00fade e educa\u00e7\u00e3o. A popula\u00e7\u00e3o negra tamb\u00e9m \u00e9 a mais atingida reforma trabalhista. Hoje, sem o impacto da reforma, a popula\u00e7\u00e3o negra j\u00e1 ocupa os postos mais precarizados, representa o maior n\u00famero de desempregados, recebe os menores sal\u00e1rios&#8230; Ou seja, j\u00e1 existe uma desigualdade muito grande, que vai aumentar se n\u00e3o nos mobilizarmos\u201d, disse a dirigente da CUT.<\/p>\n<p>Ela explica tamb\u00e9m que, com a reforma da previd\u00eancia, em debate no Congresso, a popula\u00e7\u00e3o em geral vai ter maior dificuldade para se aposentar, mas a popula\u00e7\u00e3o negra vai ter mais dificuldade. \u201cA popula\u00e7\u00e3o negra j\u00e1 trabalha em postos precarizados e vive o deemprego. Essa parcela da popula\u00e7\u00e3o vai sofrer mais impacto se for aprovada a reforma da Previd\u00eancia, pois n\u00e3o conseguir\u00e1 completar o tempo necess\u00e1rio de contribui\u00e7\u00e3o para se aposentar\u201d.<\/p>\n<p>Tamb\u00e9m presente no encontro, o deputado Vicentinho (PT\/SP) explicou que existe hoje uma disputa de classes acentuada, expl\u00edcita com bancadas parlamentares que defendem o poder econ\u00f4mico e n\u00e3o os trabalhadores e que s\u00e3o esses parlamentares que atualmente comandam o Brasil junto com Michel Temer, fazendo e aprovando leis que representam retrocessos sociais.<\/p>\n<p>Sobre a reforma trabalhista, Vicentino avaliou que os efeitos que j\u00e1 s\u00e3o sentidos hoje no mercado de trabalho como menores sal\u00e1rios, empregos mais prec\u00e1rios para a popula\u00e7\u00e3o negra ser\u00e3o ainda mais vis\u00edveis.<\/p>\n<p>\u201cPor causa do preconceito, a discrimina\u00e7\u00e3o \u00e9 muito forte. Na sociedade o nosso povo negro ainda sofre as consequencais do per\u00edodo da escravid\u00e3o. Nas empresas voc\u00ea n\u00e3o v\u00ea dirigentes negros, no Congresso somos apenas 4,5% e assim por diante. N\u00e3o existe uma coisa direcionada especificamente ao povo negro (na reforma trabalhista), mas da forma como foi feito esse ataque a quem luta por dignidade humana, surge um Bolsonaro, e com ele o \u00f3dio que recai sobre o povo negro, sobre homossexuais, mulheres&#8230; Mais uma vez as maiores consequ\u00eancias recair\u00e3o sobre nosso povo negro lamentavelmente\u201d, disse o deputado.<\/p>\n<p>Para Vicentinho \u00e9 preciso desenvolver um trabalho de forma\u00e7\u00e3o e conscientiza\u00e7\u00e3o da classe trabalhadora. \u201cA luta deve continuar n\u00e3o s\u00f3 agora no campo de batalha do Congresso, nas f\u00e1bricas, nas comunidades. Devemos fazer um trabalho para as elei\u00e7\u00f5es de 2018. N\u00e3o \u00e9 poss\u00edvel que os trabalhadores continuem votando em quem n\u00e3o defende os seus direitos. \u00c9 preciso que nosso povo tenha muito mais consci\u00eancia\u201d, disse o deputado.<\/p>\n<p><strong>Setor banc\u00e1rio<\/strong><br \/>O secret\u00e1rio de Combate ao Racismo da Contraf-CUT, Almir Aguiar, falou sobre a presen\u00e7a da popula\u00e7\u00e3o negra no mercado de trabalho do setor financeiro. \u201cEsse governo est\u00e1 apresentando uma s\u00e9rie de reformas que meche com a vida de toda a popula\u00e7\u00e3o. Os trabalhadores negros e negras ser\u00e3o muito prejudicados, principalmente aqueles que exercem fun\u00e7\u00f5es mais precarizadas na constru\u00e7\u00e3o civil, em callcenters, que trabalham como empregada dom\u00e9stica. Eles recebem cerca de 30% a menos do que um trabalhador branco que exercem a mesma fun\u00e7\u00e3o\u201d, disse o dirigente da Contraf-CUT.<\/p>\n<p>Almir cita dados do \u00faltimo censo da diversidade no setor banc\u00e1rio, realizado em 2014, para ressaltar os impactos das reformas entre os banc\u00e1rios e banc\u00e1rias negros. \u201cNo setor banc\u00e1rio esse conjunto de reformas tamb\u00e9m atrapalha muito. Nossa categoria tem 24,7% de negros e negras. \u00c9 muito pouco em um universo de em torno de 500 mil trabalhadores. Al\u00e9m disso, os poucos negros que trabalham em banco desempenham suas fun\u00e7\u00f5es em locais invis\u00edveis para a popula\u00e7\u00e3o. Ent\u00e3o, esse \u00e9 um debate que a gente precisa fazer\u201d, disse.<\/p>\n<p><strong><em>Fonte: Contraf-CUT<\/em><\/strong><\/p>\n","protected":false},"excerpt":{"rendered":"<p>Redu\u00e7\u00e3o de investimentos em pol\u00edticas p\u00fablicas, terceiriza\u00e7\u00e3o, reformas trabalhista e da Previd\u00eancia trazem mais preju\u00edzos para este segmento da sociedade Os impactos das reformas do governo Temer sobre a popula\u00e7\u00e3o negra foram tema de debate do encontro do Coletivo Nacional de Combate ao Racismo da Central \u00danica dos Trabalhadores (CUT), que reuniu sindicalistas das cinco [&hellip;]<\/p>\n","protected":false},"author":2,"featured_media":2868,"comment_status":"","ping_status":"","sticky":false,"template":"","format":"standard","meta":{"footnotes":""},"categories":[3],"tags":[],"class_list":["post-2869","post","type-post","status-publish","format-standard","has-post-thumbnail","hentry","category-noticias"],"_links":{"self":[{"href":"https:\/\/hostnetart.com.br\/baixada\/wp-json\/wp\/v2\/posts\/2869","targetHints":{"allow":["GET"]}}],"collection":[{"href":"https:\/\/hostnetart.com.br\/baixada\/wp-json\/wp\/v2\/posts"}],"about":[{"href":"https:\/\/hostnetart.com.br\/baixada\/wp-json\/wp\/v2\/types\/post"}],"author":[{"embeddable":true,"href":"https:\/\/hostnetart.com.br\/baixada\/wp-json\/wp\/v2\/users\/2"}],"replies":[{"embeddable":true,"href":"https:\/\/hostnetart.com.br\/baixada\/wp-json\/wp\/v2\/comments?post=2869"}],"version-history":[{"count":0,"href":"https:\/\/hostnetart.com.br\/baixada\/wp-json\/wp\/v2\/posts\/2869\/revisions"}],"wp:featuredmedia":[{"embeddable":true,"href":"https:\/\/hostnetart.com.br\/baixada\/wp-json\/wp\/v2\/media\/2868"}],"wp:attachment":[{"href":"https:\/\/hostnetart.com.br\/baixada\/wp-json\/wp\/v2\/media?parent=2869"}],"wp:term":[{"taxonomy":"category","embeddable":true,"href":"https:\/\/hostnetart.com.br\/baixada\/wp-json\/wp\/v2\/categories?post=2869"},{"taxonomy":"post_tag","embeddable":true,"href":"https:\/\/hostnetart.com.br\/baixada\/wp-json\/wp\/v2\/tags?post=2869"}],"curies":[{"name":"wp","href":"https:\/\/api.w.org\/{rel}","templated":true}]}}