{"id":2863,"date":"2017-08-16T15:33:24","date_gmt":"2017-08-16T18:33:24","guid":{"rendered":"https:\/\/hostnetart.com.br\/baixada\/contencioso-nao-contabilizado-cresce-67-na-funcef\/"},"modified":"2017-08-16T15:33:24","modified_gmt":"2017-08-16T18:33:24","slug":"contencioso-nao-contabilizado-cresce-67-na-funcef","status":"publish","type":"post","link":"https:\/\/hostnetart.com.br\/baixada\/contencioso-nao-contabilizado-cresce-67-na-funcef\/","title":{"rendered":"Contencioso n\u00e3o contabilizado cresce 67% na Funcef"},"content":{"rendered":"<p><em><span style=\"text-decoration: underline;\">Fenae cobra esclarecimentos da Funcef sobre passivo trabalhista da Caixa, que representa mais que o dobro dos R$ 2,4 bilh\u00f5es j\u00e1 provisionados<\/span><\/em><\/p>\n<p>O Balan\u00e7o Anual de 2016, publicado pela Funcef no dia 4 de agosto, trouxe a confirma\u00e7\u00e3o de que o REG\/Replan Saldado e o N\u00e3o Saldado t\u00eam novo d\u00e9ficit a equacionar. Junto a essa not\u00edcia ruim, outro n\u00famero causou espanto. Al\u00e9m dos R$ 2,4 bilh\u00f5es j\u00e1 provisionados para o contencioso, um valor ainda maior, que tamb\u00e9m se refere ao passivo trabalhista da Caixa Econ\u00f4mica Federal, mas que n\u00e3o \u00e9 contabilizado, vir\u00e1 \u00e0 tona em breve e seu impacto tende a ser de grandes propor\u00e7\u00f5es.<\/p>\n<p>Notas explicativas contidas no balan\u00e7o da Funda\u00e7\u00e3o indicam que as a\u00e7\u00f5es trabalhistas classificadas pelo jur\u00eddico da Funcef como de perda poss\u00edvel &#8211; que t\u00eam probabilidade de execu\u00e7\u00e3o avaliada em 50% e n\u00e3o precisam ser contabilizadas &#8211; subiram de R$ 7,6 bilh\u00f5es em dezembro de 2015 para R$ 8,2 bilh\u00f5es em novembro de 2016 e, subitamente, saltaram para R$ 12,7 bilh\u00f5es no fechamento do balan\u00e7o anual rec\u00e9m-publicado, um crescimento de 67% em rela\u00e7\u00e3o ao ano anterior. Se metade dessas causas terminar em condena\u00e7\u00e3o, como preveem os gestores do fundo de pens\u00e3o, mais R$ 6,35 bilh\u00f5es desaguar\u00e3o no d\u00e9ficit dos planos da Funcef for\u00e7ando um provisionamento que ser\u00e1 superior a R$ 8,7 bilh\u00f5es.<\/p>\n<p>\u201cO montante n\u00e3o contabilizado que tende a se confirmar como perda corresponde a mais que o dobro da conta que j\u00e1 come\u00e7ou a ser paga pelos participantes por meio das contribui\u00e7\u00f5es extraordin\u00e1rias. Essa d\u00edvida \u00e9 da Caixa, n\u00e3o tem mais como o banco n\u00e3o reconhecer sua responsabilidade\u201d, alerta o presidente da Fenae, Jair Pedro Ferreira.<\/p>\n<p>Nos pr\u00f3ximos dias, a Fenae apresentar\u00e1 of\u00edcio \u00e0 Funcef cobrando formalmente explica\u00e7\u00f5es sobre as raz\u00f5es que levaram ao crescimento do contencioso de perda prov\u00e1vel e cobrando provid\u00eancias concretas para solu\u00e7\u00e3o do problema.<\/p>\n<p><strong>Maior aumento dos \u00faltimos anos<\/strong><br \/>Al\u00e9m disso, o aumento do contencioso de perda prov\u00e1vel percebido no \u00faltimo ano \u00e9 o maior dos \u00faltimos tempos. Para se ter ideia, de 2011 para 2012, a estimativa de perda prov\u00e1vel subiu 20,6%, de R$ 5,8 bilh\u00f5es para R$ 7 bilh\u00f5es. Nos tr\u00eas anos seguintes, houve decr\u00e9scimo de 8,5%, leve alta de 3,1% e outra alta de 1,5%, chegando aos R$ 7,6 bilh\u00f5es registrados em 2015. O aumento superior a 2\/3 percebido no \u00faltimo ano foge a qualquer antecedente percebido na s\u00e9rie hist\u00f3rica.<\/p>\n<p>\u201cO aumento \u00e9 assustador e n\u00e3o tem explica\u00e7\u00e3o. Ou esses valores j\u00e1 estavam l\u00e1 e eram subnotificados ou reclassificaram o passivo para n\u00e3o contabilizar como d\u00e9ficit\u201d, questiona a diretora de Sa\u00fade e Previd\u00eancia da Fenae, Fabiana Matheus. A diretora enfatiza, tamb\u00e9m, que a Funcef precisa ser transparente quanto ao contencioso, mais ainda em rela\u00e7\u00e3o ao montante n\u00e3o contabilizado. \u201cEstamos diante do maior fator de d\u00e9ficit dos planos de benef\u00edcios e n\u00e3o se tem clareza sobre o que est\u00e1 acontecendo\u201d.<\/p>\n<p><strong>Fonte: Fenae<\/strong><\/p>\n","protected":false},"excerpt":{"rendered":"<p>Fenae cobra esclarecimentos da Funcef sobre passivo trabalhista da Caixa, que representa mais que o dobro dos R$ 2,4 bilh\u00f5es j\u00e1 provisionados O Balan\u00e7o Anual de 2016, publicado pela Funcef no dia 4 de agosto, trouxe a confirma\u00e7\u00e3o de que o REG\/Replan Saldado e o N\u00e3o Saldado t\u00eam novo d\u00e9ficit a equacionar. Junto a essa [&hellip;]<\/p>\n","protected":false},"author":2,"featured_media":2862,"comment_status":"","ping_status":"","sticky":false,"template":"","format":"standard","meta":{"footnotes":""},"categories":[3],"tags":[],"class_list":["post-2863","post","type-post","status-publish","format-standard","has-post-thumbnail","hentry","category-noticias"],"_links":{"self":[{"href":"https:\/\/hostnetart.com.br\/baixada\/wp-json\/wp\/v2\/posts\/2863","targetHints":{"allow":["GET"]}}],"collection":[{"href":"https:\/\/hostnetart.com.br\/baixada\/wp-json\/wp\/v2\/posts"}],"about":[{"href":"https:\/\/hostnetart.com.br\/baixada\/wp-json\/wp\/v2\/types\/post"}],"author":[{"embeddable":true,"href":"https:\/\/hostnetart.com.br\/baixada\/wp-json\/wp\/v2\/users\/2"}],"replies":[{"embeddable":true,"href":"https:\/\/hostnetart.com.br\/baixada\/wp-json\/wp\/v2\/comments?post=2863"}],"version-history":[{"count":0,"href":"https:\/\/hostnetart.com.br\/baixada\/wp-json\/wp\/v2\/posts\/2863\/revisions"}],"wp:featuredmedia":[{"embeddable":true,"href":"https:\/\/hostnetart.com.br\/baixada\/wp-json\/wp\/v2\/media\/2862"}],"wp:attachment":[{"href":"https:\/\/hostnetart.com.br\/baixada\/wp-json\/wp\/v2\/media?parent=2863"}],"wp:term":[{"taxonomy":"category","embeddable":true,"href":"https:\/\/hostnetart.com.br\/baixada\/wp-json\/wp\/v2\/categories?post=2863"},{"taxonomy":"post_tag","embeddable":true,"href":"https:\/\/hostnetart.com.br\/baixada\/wp-json\/wp\/v2\/tags?post=2863"}],"curies":[{"name":"wp","href":"https:\/\/api.w.org\/{rel}","templated":true}]}}