{"id":2859,"date":"2017-08-16T15:29:42","date_gmt":"2017-08-16T18:29:42","guid":{"rendered":"https:\/\/hostnetart.com.br\/baixada\/xiii-reuniao-conjunta-das-redes-sindicais-de-bancos-internacionais-tem-analise-de-conjuntura-global\/"},"modified":"2017-08-16T15:29:42","modified_gmt":"2017-08-16T18:29:42","slug":"xiii-reuniao-conjunta-das-redes-sindicais-de-bancos-internacionais-tem-analise-de-conjuntura-global","status":"publish","type":"post","link":"https:\/\/hostnetart.com.br\/baixada\/xiii-reuniao-conjunta-das-redes-sindicais-de-bancos-internacionais-tem-analise-de-conjuntura-global\/","title":{"rendered":"XIII\u00aa Reuni\u00e3o Conjunta das Redes Sindicais de Bancos Internacionais tem an\u00e1lise de conjuntura global"},"content":{"rendered":"<p><span style=\"text-decoration: underline;\"><em>A programa\u00e7\u00e3o continua na quarta-feira (15) com as reuni\u00f5es das Redes Sindicais dos Bancos Internacionais<\/em><\/span><\/p>\n<p>O primeiro dia da XIII\u00aa Reuni\u00e3o Conjunta das Redes Sindicais de Bancos Internacionais, realizada em Assun\u00e7\u00e3o \u2013 no Paraguai, nesta ter\u00e7a-feira (15), foi marcado por uma an\u00e1lise de conjuntura global. \u00a0<\/p>\n<p>O presidente da Contraf-CUT, Roberto von der Osten, enalteceu o primeiro dia de trabalho do evento, que visa apresentar o quadro geral de cada um dos bancos nos respectivos pa\u00edses onde estes atuam e suas pol\u00edticas de relacionamento com os trabalhadores. \u201cTivemos \u00f3timas palestras hoje que deu para ter a real no\u00e7\u00e3o do movimento globalizado que os bancos imp\u00f5em aos trabalhadores de retirada de direitos e poderes. Fica claro que os banqueiros cansaram de ser s\u00f3 financiadores do capitalismo e querem tamb\u00e9m participar ativamente do poder pol\u00edtico das na\u00e7\u00f5es. Por isso, \u00e9 fundamental que as a\u00e7\u00f5es dos trabalhadores sejam organizadas internacionalmente.\u201d<\/p>\n<p>Victor Baez, secret\u00e1rio-geral da Confedera\u00e7\u00e3o Sindical das Am\u00e9ricas (CSA), fez uma abordagem da situa\u00e7\u00e3o pol\u00edtica e econ\u00f4mica da Am\u00e9rica e apresentou dados demonstrando o crescimento da desigualdade no Continente com o avan\u00e7o do projeto neoliberal na Am\u00e9rica Latina ap\u00f3s a derrocada dos governos militares na regi\u00e3o. Ele lembrou o crescimento dos movimentos de esquerda que, entre seus \u00eaxitos, computam a derrota do projeto americano de constitui\u00e7\u00e3o da ALCA, mas que atualmente sofrem um grande movimento de tomada do poder por conservadores, quer por elei\u00e7\u00f5es democr\u00e1ticas, quer por golpes institucionais como, o ocorrido no Brasil.<\/p>\n<p>\u00c2ngelo di Cristo, chefe do setor de Finan\u00e7as da UNI Global Union, explanou sobre o movimento sindical mundial no setor de Finan\u00e7as e a luta destes sindicatos contra a grande concentra\u00e7\u00e3o financeira que se encontra nas m\u00e3os de alguns poucos bancos multinacionais, que imp\u00f5em pesado julgo aos governos de pa\u00edses em desenvolvimento e do Sul europeu.<br \/>Rita Berlofa, presidenta da UNI Finan\u00e7as Global, apresentou o painel sobre o futuro do mundo do trabalho e os perigos que amea\u00e7am os empregos e as condi\u00e7\u00f5es de vida dos trabalhadores, quer pelas inova\u00e7\u00f5es tecnol\u00f3gicas que se apresentam de forma acelerada, quer pela imposi\u00e7\u00e3o do grande capital sobre a diminui\u00e7\u00e3o ou mesmo elimina\u00e7\u00e3o de empregos para baratear a produ\u00e7\u00e3o aumentando a produtividade. \u201cNeste momento de ataque \u00e0 democracia na nossa regi\u00e3o e ataque aos direitos dos trabalhadores, somente a unidade do movimento sindical internacional nos permitir\u00e1 fazer frente a esses ataques. Fortalecer a solidariedade entre trabalhadores e sindicatos, nos organizar junto aos demais movimentos sociais e n\u00e3o nos contentarmos em resistir, mas sim, atuar de forma firme para impedir o retrocesso social que quer nos impor o capital\u201d, afirmou.<\/p>\n<p>&#8220;Importante ressaltar que os expositores foram un\u00e2nimes em afirmar que a sa\u00edda para os trabalhadores passa pela unidade das entidades sindicais&#8221;, disse Mario Raia, secret\u00e1rio de Rela\u00e7\u00f5es Internacionais da Contraf-CUT.<\/p>\n<p>A programa\u00e7\u00e3o continua na quarta-feira (15) com as reuni\u00f5es das Redes Sindicais dos Bancos Internacionais: BBVA, Ita\u00fa, Santander, HSBC, Scotiabank e Banco do Brasil.<\/p>\n<p><strong>Fonte: Contraf-CUT<\/strong><\/p>\n","protected":false},"excerpt":{"rendered":"<p>A programa\u00e7\u00e3o continua na quarta-feira (15) com as reuni\u00f5es das Redes Sindicais dos Bancos Internacionais O primeiro dia da XIII\u00aa Reuni\u00e3o Conjunta das Redes Sindicais de Bancos Internacionais, realizada em Assun\u00e7\u00e3o \u2013 no Paraguai, nesta ter\u00e7a-feira (15), foi marcado por uma an\u00e1lise de conjuntura global. \u00a0 O presidente da Contraf-CUT, Roberto von der Osten, enalteceu [&hellip;]<\/p>\n","protected":false},"author":2,"featured_media":2858,"comment_status":"","ping_status":"","sticky":false,"template":"","format":"standard","meta":{"footnotes":""},"categories":[3],"tags":[],"class_list":["post-2859","post","type-post","status-publish","format-standard","has-post-thumbnail","hentry","category-noticias"],"_links":{"self":[{"href":"https:\/\/hostnetart.com.br\/baixada\/wp-json\/wp\/v2\/posts\/2859","targetHints":{"allow":["GET"]}}],"collection":[{"href":"https:\/\/hostnetart.com.br\/baixada\/wp-json\/wp\/v2\/posts"}],"about":[{"href":"https:\/\/hostnetart.com.br\/baixada\/wp-json\/wp\/v2\/types\/post"}],"author":[{"embeddable":true,"href":"https:\/\/hostnetart.com.br\/baixada\/wp-json\/wp\/v2\/users\/2"}],"replies":[{"embeddable":true,"href":"https:\/\/hostnetart.com.br\/baixada\/wp-json\/wp\/v2\/comments?post=2859"}],"version-history":[{"count":0,"href":"https:\/\/hostnetart.com.br\/baixada\/wp-json\/wp\/v2\/posts\/2859\/revisions"}],"wp:featuredmedia":[{"embeddable":true,"href":"https:\/\/hostnetart.com.br\/baixada\/wp-json\/wp\/v2\/media\/2858"}],"wp:attachment":[{"href":"https:\/\/hostnetart.com.br\/baixada\/wp-json\/wp\/v2\/media?parent=2859"}],"wp:term":[{"taxonomy":"category","embeddable":true,"href":"https:\/\/hostnetart.com.br\/baixada\/wp-json\/wp\/v2\/categories?post=2859"},{"taxonomy":"post_tag","embeddable":true,"href":"https:\/\/hostnetart.com.br\/baixada\/wp-json\/wp\/v2\/tags?post=2859"}],"curies":[{"name":"wp","href":"https:\/\/api.w.org\/{rel}","templated":true}]}}