{"id":2857,"date":"2017-08-16T15:26:22","date_gmt":"2017-08-16T18:26:22","guid":{"rendered":"https:\/\/hostnetart.com.br\/baixada\/dia-nacional-de-luta-cobra-respeito-aos-empregados-da-caixa\/"},"modified":"2017-08-16T15:26:22","modified_gmt":"2017-08-16T18:26:22","slug":"dia-nacional-de-luta-cobra-respeito-aos-empregados-da-caixa","status":"publish","type":"post","link":"https:\/\/hostnetart.com.br\/baixada\/dia-nacional-de-luta-cobra-respeito-aos-empregados-da-caixa\/","title":{"rendered":"Dia Nacional de Luta cobra respeito aos empregados da Caixa"},"content":{"rendered":"<p><span style=\"text-decoration: underline;\"><em>Mobiliza\u00e7\u00f5es s\u00e3o contra o desmonte do banco p\u00fablico e dos direitos dos trabalhadores<\/em><\/span><\/p>\n<p>Empregados da Caixa Econ\u00f4mica Federal de todo o Brasil realizaram nesta ter\u00e7a-feira (15) o Dia Nacional de Luta para exigir do banco mais respeito aos direitos dos trabalhadores e lutar contra a precariza\u00e7\u00e3o das condi\u00e7\u00f5es de trabalho. A data foi marcada por manifesta\u00e7\u00f5es e paralisa\u00e7\u00f5es em v\u00e1rios estados.<\/p>\n<p>A organiza\u00e7\u00e3o do dia de protestos se deu ap\u00f3s o envio de uma Carta Aberta aos funcion\u00e1rios pela Contraf-CUT. O documento explica toda a estrat\u00e9gia de desmonte imposto pelo governo ileg\u00edtimo de Michel Temer, com fechamento de unidades, descomissionamentos, ataque ao plano de Sa\u00fade Caixa, regulamenta\u00e7\u00e3o da terceiriza\u00e7\u00e3o dentro das unidades da Caixa, o perigo de venda da Lotex (loteria) e entrega &#8211; principalmente do FGTS &#8211; para os bancos privados.<\/p>\n<p>Al\u00e9m de reivindicar por mais respeito e condi\u00e7\u00f5es melhores de trabalho, os funcion\u00e1rios disseram n\u00e3o \u00e0s medidas que reduzem o tamanho da Caixa, diminuem empregos, prejudicam clientes e atacam o papel social da institui\u00e7\u00e3o.<\/p>\n<p>Para Dion\u00edsio Reis, coordenador da Comiss\u00e3o Executiva dos Empregados da Caixa, \u201ca realiza\u00e7\u00e3o do Dia Nacional de Luta \u00e9 muito importante para pressionar a Caixa contra o desmonte ca\u00f3tico do banco p\u00fablico e dos direitos dos empregados\u201d.<\/p>\n<p><strong>Fonte: Contraf-CUT<\/strong><\/p>\n","protected":false},"excerpt":{"rendered":"<p>Mobiliza\u00e7\u00f5es s\u00e3o contra o desmonte do banco p\u00fablico e dos direitos dos trabalhadores Empregados da Caixa Econ\u00f4mica Federal de todo o Brasil realizaram nesta ter\u00e7a-feira (15) o Dia Nacional de Luta para exigir do banco mais respeito aos direitos dos trabalhadores e lutar contra a precariza\u00e7\u00e3o das condi\u00e7\u00f5es de trabalho. A data foi marcada por [&hellip;]<\/p>\n","protected":false},"author":2,"featured_media":2856,"comment_status":"","ping_status":"","sticky":false,"template":"","format":"standard","meta":{"footnotes":""},"categories":[3],"tags":[],"class_list":["post-2857","post","type-post","status-publish","format-standard","has-post-thumbnail","hentry","category-noticias"],"_links":{"self":[{"href":"https:\/\/hostnetart.com.br\/baixada\/wp-json\/wp\/v2\/posts\/2857","targetHints":{"allow":["GET"]}}],"collection":[{"href":"https:\/\/hostnetart.com.br\/baixada\/wp-json\/wp\/v2\/posts"}],"about":[{"href":"https:\/\/hostnetart.com.br\/baixada\/wp-json\/wp\/v2\/types\/post"}],"author":[{"embeddable":true,"href":"https:\/\/hostnetart.com.br\/baixada\/wp-json\/wp\/v2\/users\/2"}],"replies":[{"embeddable":true,"href":"https:\/\/hostnetart.com.br\/baixada\/wp-json\/wp\/v2\/comments?post=2857"}],"version-history":[{"count":0,"href":"https:\/\/hostnetart.com.br\/baixada\/wp-json\/wp\/v2\/posts\/2857\/revisions"}],"wp:featuredmedia":[{"embeddable":true,"href":"https:\/\/hostnetart.com.br\/baixada\/wp-json\/wp\/v2\/media\/2856"}],"wp:attachment":[{"href":"https:\/\/hostnetart.com.br\/baixada\/wp-json\/wp\/v2\/media?parent=2857"}],"wp:term":[{"taxonomy":"category","embeddable":true,"href":"https:\/\/hostnetart.com.br\/baixada\/wp-json\/wp\/v2\/categories?post=2857"},{"taxonomy":"post_tag","embeddable":true,"href":"https:\/\/hostnetart.com.br\/baixada\/wp-json\/wp\/v2\/tags?post=2857"}],"curies":[{"name":"wp","href":"https:\/\/api.w.org\/{rel}","templated":true}]}}