{"id":2855,"date":"2017-08-15T19:56:26","date_gmt":"2017-08-15T22:56:26","guid":{"rendered":"https:\/\/hostnetart.com.br\/baixada\/santander-movimento-cobra-respeito-aos-bancarios-adoecidos\/"},"modified":"2017-08-15T19:56:26","modified_gmt":"2017-08-15T22:56:26","slug":"santander-movimento-cobra-respeito-aos-bancarios-adoecidos","status":"publish","type":"post","link":"https:\/\/hostnetart.com.br\/baixada\/santander-movimento-cobra-respeito-aos-bancarios-adoecidos\/","title":{"rendered":"Santander: Movimento cobra respeito aos banc\u00e1rios adoecidos"},"content":{"rendered":"<p><em><span style=\"text-decoration: underline;\">Representantes dos trabalhadores reivindicam fim das demiss\u00f5es de funcion\u00e1rios com atestado de afastamento e durante exame de retorno<\/span><\/em><\/p>\n<p>O Sindicato dos Banc\u00e1rios de S\u00e3o Paulo, Osasco e Regi\u00e3o informa em mat\u00e9ria publicada em seu site que tem recebido queixas de empregados do banco Santander dispensados mesmo com atestado m\u00e9dico de afastamento. Em outros casos, o banco utilizou o exame de retorno como exame demissional.<\/p>\n<p>A legisla\u00e7\u00e3o determina que a demiss\u00e3o s\u00f3 pode ser feita mediante a realiza\u00e7\u00e3o do exame demissional. Sem este laudo, a homologa\u00e7\u00e3o da dispensa n\u00e3o pode ser efetuada, impossibilitando o trabalhador desligado de acessar o seguro-desemprego e o FGTS.<\/p>\n<p>Em reuni\u00e3o com o banco, o movimento sindical apresentou parecer jur\u00eddico sustentando que demitir o trabalhador no exame de retorno confronta a instru\u00e7\u00e3o normativa 15 e a norma regulamentadora 7, ambas emitidas pelo Minist\u00e9rio do Trabalho, a empresa n\u00e3o deu resposta a respeito dos v\u00e1rios problemas envolvendo funcion\u00e1rios afastados por problemas de sa\u00fade.<\/p>\n<p>\u201cO Santander consegue piorar ainda mais um momento j\u00e1 bastante dif\u00edcil na vida do trabalhador, que \u00e9 a demiss\u00e3o\u201d, protestou Maria Rosani, coordenadora da Comiss\u00e3o de Organiza\u00e7\u00e3o dos Empregados (COE) do Santander, que tamb\u00e9m \u00e9 secret\u00e1ria executiva do SPBanc\u00e1rios. \u201cDeixamos claro para o banco que \u00e9 ilegal utilizar o exame de retorno para demitir. O Sindicato lutar\u00e1 em todas as frentes para garantir os direitos dos banc\u00e1rios\u201d, acrescentou.<\/p>\n<p><strong>Fonte: Contraf-CUT, com SPBanc\u00e1rios<\/strong><\/p>\n","protected":false},"excerpt":{"rendered":"<p>Representantes dos trabalhadores reivindicam fim das demiss\u00f5es de funcion\u00e1rios com atestado de afastamento e durante exame de retorno O Sindicato dos Banc\u00e1rios de S\u00e3o Paulo, Osasco e Regi\u00e3o informa em mat\u00e9ria publicada em seu site que tem recebido queixas de empregados do banco Santander dispensados mesmo com atestado m\u00e9dico de afastamento. Em outros casos, o [&hellip;]<\/p>\n","protected":false},"author":2,"featured_media":2854,"comment_status":"","ping_status":"","sticky":false,"template":"","format":"standard","meta":{"footnotes":""},"categories":[3],"tags":[],"class_list":["post-2855","post","type-post","status-publish","format-standard","has-post-thumbnail","hentry","category-noticias"],"_links":{"self":[{"href":"https:\/\/hostnetart.com.br\/baixada\/wp-json\/wp\/v2\/posts\/2855","targetHints":{"allow":["GET"]}}],"collection":[{"href":"https:\/\/hostnetart.com.br\/baixada\/wp-json\/wp\/v2\/posts"}],"about":[{"href":"https:\/\/hostnetart.com.br\/baixada\/wp-json\/wp\/v2\/types\/post"}],"author":[{"embeddable":true,"href":"https:\/\/hostnetart.com.br\/baixada\/wp-json\/wp\/v2\/users\/2"}],"replies":[{"embeddable":true,"href":"https:\/\/hostnetart.com.br\/baixada\/wp-json\/wp\/v2\/comments?post=2855"}],"version-history":[{"count":0,"href":"https:\/\/hostnetart.com.br\/baixada\/wp-json\/wp\/v2\/posts\/2855\/revisions"}],"wp:featuredmedia":[{"embeddable":true,"href":"https:\/\/hostnetart.com.br\/baixada\/wp-json\/wp\/v2\/media\/2854"}],"wp:attachment":[{"href":"https:\/\/hostnetart.com.br\/baixada\/wp-json\/wp\/v2\/media?parent=2855"}],"wp:term":[{"taxonomy":"category","embeddable":true,"href":"https:\/\/hostnetart.com.br\/baixada\/wp-json\/wp\/v2\/categories?post=2855"},{"taxonomy":"post_tag","embeddable":true,"href":"https:\/\/hostnetart.com.br\/baixada\/wp-json\/wp\/v2\/tags?post=2855"}],"curies":[{"name":"wp","href":"https:\/\/api.w.org\/{rel}","templated":true}]}}