{"id":2853,"date":"2017-08-15T18:55:12","date_gmt":"2017-08-15T21:55:12","guid":{"rendered":"https:\/\/hostnetart.com.br\/baixada\/dep-federal-celso-pansera-se-reune-com-diretores-do-sindbaixada\/"},"modified":"2017-08-15T18:55:12","modified_gmt":"2017-08-15T21:55:12","slug":"dep-federal-celso-pansera-se-reune-com-diretores-do-sindbaixada","status":"publish","type":"post","link":"https:\/\/hostnetart.com.br\/baixada\/dep-federal-celso-pansera-se-reune-com-diretores-do-sindbaixada\/","title":{"rendered":"Dep. Federal Celso Pansera se re\u00fane com diretores do SindBaixada"},"content":{"rendered":"<p>Seguindo orienta\u00e7\u00e3o da Central \u00danica dos Trabalhadores (CUT), em busca de apoio, um grupo de diretores do Sindicato dos Banc\u00e1rios da Baixada Fluminense se reuniu com o Deputado Federal Celso Pansera, que externou seu apoio aos banc\u00e1rios em n\u00edvel nacional e, em especial, aos banc\u00e1rios da Baixada Fluminense, na C\u00e2mara Federal. (V\u00eddeo)<br \/>Celso, que j\u00e1 foi assessor da diretoria do SindBaixada, esteve presente nas lutas contra as privatiza\u00e7\u00f5es no Governo FHC junto aos banc\u00e1rios e demais trabalhadores.<\/p>\n<p>{mp4}2017-08-15-VIDEO-00001609{\/mp4}<\/p>\n<div class=\"k2_video\">{mp4}2310{\/mp4}<\/div>\n","protected":false},"excerpt":{"rendered":"<p>Seguindo orienta\u00e7\u00e3o da Central \u00danica dos Trabalhadores (CUT), em busca de apoio, um grupo de diretores do Sindicato dos Banc\u00e1rios da Baixada Fluminense se reuniu com o Deputado Federal Celso Pansera, que externou seu apoio aos banc\u00e1rios em n\u00edvel nacional e, em especial, aos banc\u00e1rios da Baixada Fluminense, na C\u00e2mara Federal. (V\u00eddeo)Celso, que j\u00e1 foi [&hellip;]<\/p>\n","protected":false},"author":1,"featured_media":2852,"comment_status":"","ping_status":"","sticky":false,"template":"","format":"standard","meta":{"footnotes":""},"categories":[3],"tags":[],"class_list":["post-2853","post","type-post","status-publish","format-standard","has-post-thumbnail","hentry","category-noticias"],"_links":{"self":[{"href":"https:\/\/hostnetart.com.br\/baixada\/wp-json\/wp\/v2\/posts\/2853","targetHints":{"allow":["GET"]}}],"collection":[{"href":"https:\/\/hostnetart.com.br\/baixada\/wp-json\/wp\/v2\/posts"}],"about":[{"href":"https:\/\/hostnetart.com.br\/baixada\/wp-json\/wp\/v2\/types\/post"}],"author":[{"embeddable":true,"href":"https:\/\/hostnetart.com.br\/baixada\/wp-json\/wp\/v2\/users\/1"}],"replies":[{"embeddable":true,"href":"https:\/\/hostnetart.com.br\/baixada\/wp-json\/wp\/v2\/comments?post=2853"}],"version-history":[{"count":0,"href":"https:\/\/hostnetart.com.br\/baixada\/wp-json\/wp\/v2\/posts\/2853\/revisions"}],"wp:featuredmedia":[{"embeddable":true,"href":"https:\/\/hostnetart.com.br\/baixada\/wp-json\/wp\/v2\/media\/2852"}],"wp:attachment":[{"href":"https:\/\/hostnetart.com.br\/baixada\/wp-json\/wp\/v2\/media?parent=2853"}],"wp:term":[{"taxonomy":"category","embeddable":true,"href":"https:\/\/hostnetart.com.br\/baixada\/wp-json\/wp\/v2\/categories?post=2853"},{"taxonomy":"post_tag","embeddable":true,"href":"https:\/\/hostnetart.com.br\/baixada\/wp-json\/wp\/v2\/tags?post=2853"}],"curies":[{"name":"wp","href":"https:\/\/api.w.org\/{rel}","templated":true}]}}