{"id":2851,"date":"2017-08-15T18:31:07","date_gmt":"2017-08-15T21:31:07","guid":{"rendered":"https:\/\/hostnetart.com.br\/baixada\/reforma-politica-nao-contempla-a-inclusao-de-mulheres\/"},"modified":"2017-08-15T18:31:07","modified_gmt":"2017-08-15T21:31:07","slug":"reforma-politica-nao-contempla-a-inclusao-de-mulheres","status":"publish","type":"post","link":"https:\/\/hostnetart.com.br\/baixada\/reforma-politica-nao-contempla-a-inclusao-de-mulheres\/","title":{"rendered":"Reforma pol\u00edtica n\u00e3o contempla a inclus\u00e3o de mulheres"},"content":{"rendered":"<p><em><span style=\"text-decoration: underline;\">Ocupando apenas 10% das cadeiras do Parlamento, exclus\u00e3o pode aumentar com o chamado Distrit\u00e3o.<\/span><\/em><\/p>\n<p>O relat\u00f3rio final da Reforma Pol\u00edtica, previsto para ser votado na comiss\u00e3o especial da C\u00e2mara dos Deputados nesta ter\u00e7a-feira (15), n\u00e3o traz uma linha, sequer, sobre a necessidade de aumentar a representa\u00e7\u00e3o das mulheres no Parlamento.<\/p>\n<p>Deputadas apontam que o modelo eleitoral chamado distrit\u00e3o, aprovado em destaque na semana passada, deve contribuir para a manuten\u00e7\u00e3o da exclus\u00e3o. <\/p>\n<p>&#8220;As mulheres s\u00e3o maioria da popula\u00e7\u00e3o. Somos apenas 10% da representa\u00e7\u00e3o, aqui. Ent\u00e3o, est\u00e1 claro que esse modelo exclui as mulheres do parlamento&#8221;, diz a deputada federal Luiza Ferreira (PPS-MG), sobre o atual modelo em vigor. Em entrevista ao rep\u00f3rter U\u00e9lson Kalinovski, para o Seu Jornal, da TVT, ela diz que ela diz que, com o distrit\u00e3o, a exclus\u00e3o das mulheres deve ser ainda maior, bem como das demais minorias. &#8220;Vai concentrar o voto naquelas grandes personalidades, em quem tem recursos para fazer campanha nos estados inteiros.&#8221;<\/p>\n<p>A deputada federal Maria do Ros\u00e1rio (PT-RS) defende que, no momento em que o texto da reforma for levado ao plen\u00e1rio da C\u00e2mara, seja colocada em vota\u00e7\u00e3o a Proposta de Emenda \u00e0 Constitui\u00e7\u00e3o (PEC) 134\/15 que reserva percentual m\u00ednimo de representa\u00e7\u00e3o para mulheres.<\/p>\n<p>Segundo a proposta, seriam garantidos a elas 10% das cadeiras na primeira legislatura, 12% na segunda e 16% na terceira. Al\u00e9m disso, ao menos as bancadas de cada estado deveriam ter pelo menos uma mulher. &#8220;Hoje, n\u00f3s temos cinco estados que n\u00e3o tem nenhuma mulher&#8221;, destacou a deputada.<\/p>\n","protected":false},"excerpt":{"rendered":"<p>Ocupando apenas 10% das cadeiras do Parlamento, exclus\u00e3o pode aumentar com o chamado Distrit\u00e3o. O relat\u00f3rio final da Reforma Pol\u00edtica, previsto para ser votado na comiss\u00e3o especial da C\u00e2mara dos Deputados nesta ter\u00e7a-feira (15), n\u00e3o traz uma linha, sequer, sobre a necessidade de aumentar a representa\u00e7\u00e3o das mulheres no Parlamento. Deputadas apontam que o modelo [&hellip;]<\/p>\n","protected":false},"author":2,"featured_media":2850,"comment_status":"","ping_status":"","sticky":false,"template":"","format":"standard","meta":{"footnotes":""},"categories":[3],"tags":[],"class_list":["post-2851","post","type-post","status-publish","format-standard","has-post-thumbnail","hentry","category-noticias"],"_links":{"self":[{"href":"https:\/\/hostnetart.com.br\/baixada\/wp-json\/wp\/v2\/posts\/2851","targetHints":{"allow":["GET"]}}],"collection":[{"href":"https:\/\/hostnetart.com.br\/baixada\/wp-json\/wp\/v2\/posts"}],"about":[{"href":"https:\/\/hostnetart.com.br\/baixada\/wp-json\/wp\/v2\/types\/post"}],"author":[{"embeddable":true,"href":"https:\/\/hostnetart.com.br\/baixada\/wp-json\/wp\/v2\/users\/2"}],"replies":[{"embeddable":true,"href":"https:\/\/hostnetart.com.br\/baixada\/wp-json\/wp\/v2\/comments?post=2851"}],"version-history":[{"count":0,"href":"https:\/\/hostnetart.com.br\/baixada\/wp-json\/wp\/v2\/posts\/2851\/revisions"}],"wp:featuredmedia":[{"embeddable":true,"href":"https:\/\/hostnetart.com.br\/baixada\/wp-json\/wp\/v2\/media\/2850"}],"wp:attachment":[{"href":"https:\/\/hostnetart.com.br\/baixada\/wp-json\/wp\/v2\/media?parent=2851"}],"wp:term":[{"taxonomy":"category","embeddable":true,"href":"https:\/\/hostnetart.com.br\/baixada\/wp-json\/wp\/v2\/categories?post=2851"},{"taxonomy":"post_tag","embeddable":true,"href":"https:\/\/hostnetart.com.br\/baixada\/wp-json\/wp\/v2\/tags?post=2851"}],"curies":[{"name":"wp","href":"https:\/\/api.w.org\/{rel}","templated":true}]}}