{"id":2847,"date":"2017-08-15T18:05:52","date_gmt":"2017-08-15T21:05:52","guid":{"rendered":"https:\/\/hostnetart.com.br\/baixada\/voce-pode-salvar-os-quilombolas-do-brasil-basta-uma-assinatura\/"},"modified":"2017-08-15T18:05:52","modified_gmt":"2017-08-15T21:05:52","slug":"voce-pode-salvar-os-quilombolas-do-brasil-basta-uma-assinatura","status":"publish","type":"post","link":"https:\/\/hostnetart.com.br\/baixada\/voce-pode-salvar-os-quilombolas-do-brasil-basta-uma-assinatura\/","title":{"rendered":"Voc\u00ea pode salvar os quilombolas do Brasil. Basta uma assinatura"},"content":{"rendered":"<p><span style=\"text-decoration: underline;\"><em>Todos os t\u00edtulos de quilombos no pa\u00eds podem ser anulados. O futuro das comunidades est\u00e1 em perigo<\/em><\/span><\/p>\n<p>O futuro de milh\u00f5es de quilombolas est\u00e1 em jogo e voc\u00ea pode ajudar. Faltam menos de 50 assinaturas para fecharmos 60 mil manifesta\u00e7\u00f5es em defesa dos direitos quilombolas. O processo ser\u00e1 decidido no Supremo Tribunal Federal (STF).<\/p>\n<p>Em 2004, o Partido Democratas (DEM) entrou com uma A\u00e7\u00e3o Direta de Inconstitucionalidade (ADI) no STF, questionando o decreto 4887\/2003 que regulamenta a titula\u00e7\u00e3o das terras dos quilombos. O julgamento se estende desde 2012 e ser\u00e1 retomado no dia 16 de agosto.<\/p>\n<p>Com isso, todos os t\u00edtulos de quilombos no pa\u00eds podem ser anulados. O futuro das comunidades est\u00e1 em perigo. Novas titula\u00e7\u00f5es n\u00e3o ser\u00e3o poss\u00edveis sem o decreto. Mais de 6 mil comunidades ainda aguardam o reconhecimento de seu direito.<\/p>\n<p>\u201cAs comunidades quilombolas s\u00e3o parte da nossa hist\u00f3ria, do nosso presente e tamb\u00e9m do nosso futuro. Se conseguirmos o n\u00famero suficiente de assinaturas, podemos mostrar ao STF que n\u00e3o aceitamos a a\u00e7\u00e3o do Partido Democratas. Junte-se a n\u00f3s na luta dos quilombolas pelo seu direito constitucional \u00e0 terra. O Brasil \u00e9 quilombola! Nenhum quilombo a menos!\u201d, afirmou Almir Costa de Aguiar, secret\u00e1rio de Combate ao Racismo da Contraf-CUT.<\/p>\n<p>Para acessar a peti\u00e7\u00e3o: https:\/\/peticoes.socioambiental.org\/nenhum-quilombo-a-menos <\/p>\n<p><strong>Fonte: Contraf-CUT<\/strong><\/p>\n","protected":false},"excerpt":{"rendered":"<p>Todos os t\u00edtulos de quilombos no pa\u00eds podem ser anulados. O futuro das comunidades est\u00e1 em perigo O futuro de milh\u00f5es de quilombolas est\u00e1 em jogo e voc\u00ea pode ajudar. Faltam menos de 50 assinaturas para fecharmos 60 mil manifesta\u00e7\u00f5es em defesa dos direitos quilombolas. O processo ser\u00e1 decidido no Supremo Tribunal Federal (STF). Em [&hellip;]<\/p>\n","protected":false},"author":2,"featured_media":2846,"comment_status":"","ping_status":"","sticky":false,"template":"","format":"standard","meta":{"footnotes":""},"categories":[3],"tags":[],"class_list":["post-2847","post","type-post","status-publish","format-standard","has-post-thumbnail","hentry","category-noticias"],"_links":{"self":[{"href":"https:\/\/hostnetart.com.br\/baixada\/wp-json\/wp\/v2\/posts\/2847","targetHints":{"allow":["GET"]}}],"collection":[{"href":"https:\/\/hostnetart.com.br\/baixada\/wp-json\/wp\/v2\/posts"}],"about":[{"href":"https:\/\/hostnetart.com.br\/baixada\/wp-json\/wp\/v2\/types\/post"}],"author":[{"embeddable":true,"href":"https:\/\/hostnetart.com.br\/baixada\/wp-json\/wp\/v2\/users\/2"}],"replies":[{"embeddable":true,"href":"https:\/\/hostnetart.com.br\/baixada\/wp-json\/wp\/v2\/comments?post=2847"}],"version-history":[{"count":0,"href":"https:\/\/hostnetart.com.br\/baixada\/wp-json\/wp\/v2\/posts\/2847\/revisions"}],"wp:featuredmedia":[{"embeddable":true,"href":"https:\/\/hostnetart.com.br\/baixada\/wp-json\/wp\/v2\/media\/2846"}],"wp:attachment":[{"href":"https:\/\/hostnetart.com.br\/baixada\/wp-json\/wp\/v2\/media?parent=2847"}],"wp:term":[{"taxonomy":"category","embeddable":true,"href":"https:\/\/hostnetart.com.br\/baixada\/wp-json\/wp\/v2\/categories?post=2847"},{"taxonomy":"post_tag","embeddable":true,"href":"https:\/\/hostnetart.com.br\/baixada\/wp-json\/wp\/v2\/tags?post=2847"}],"curies":[{"name":"wp","href":"https:\/\/api.w.org\/{rel}","templated":true}]}}