{"id":2845,"date":"2017-08-15T14:24:43","date_gmt":"2017-08-15T17:24:43","guid":{"rendered":"https:\/\/hostnetart.com.br\/baixada\/temer-quer-retirar-direitos-dos-planos-de-saude-dos-funcionarios-de-estatais\/"},"modified":"2017-08-15T14:24:43","modified_gmt":"2017-08-15T17:24:43","slug":"temer-quer-retirar-direitos-dos-planos-de-saude-dos-funcionarios-de-estatais","status":"publish","type":"post","link":"https:\/\/hostnetart.com.br\/baixada\/temer-quer-retirar-direitos-dos-planos-de-saude-dos-funcionarios-de-estatais\/","title":{"rendered":"Temer quer retirar direitos dos planos de sa\u00fade dos funcion\u00e1rios de estatais"},"content":{"rendered":"<p>O Sindicato, a Comiss\u00e3o de Empresa dos Funcion\u00e1rios do Banco do Brasil, a Contraf-CUT, a Cassi e diversas outras entidades representativas participaram de uma reuni\u00e3o, na sede da Associa\u00e7\u00e3o dos Aposentados e Funcion\u00e1rios do banco (AAFBB), no Rio, de uma reuni\u00e3o com a Uni\u00e3o Nacional das Institui\u00e7\u00f5es de Auto-gest\u00e3o em Sa\u00fade (UNIDAS). Na pauta, a resolu\u00e7\u00e3o que o governo Temer est\u00e1 preparando, em \u201csigilo\u201d, e que vai trazer graves preju\u00edzos aos trabalhadores de empresas estatais em rela\u00e7\u00e3o aos planos de sa\u00fade. <\/p>\n<p><strong>Retirada de direitos<\/strong><br \/>A minuta da resolu\u00e7\u00e3o foi elaborada pela Comiss\u00e3o Interministerial Corporativa e de Administra\u00e7\u00e3o de Participa\u00e7\u00e3o Societ\u00e1rias da Uni\u00e3o (CGPAR), que re\u00fane os Minist\u00e9rios das Fazenda, do Planejamento e da Casa Civil. Entre as mudan\u00e7as, est\u00e3o: a implanta\u00e7\u00e3o da contribui\u00e7\u00e3o parit\u00e1ria, que vai aumentar o percentual do valor pago pelos trabalhadores para custear os planos; diretrizes que colocam em risco o atendimento aos aposentados, que s\u00e3o, de um modo geral, os que mais necessitam de assist\u00eancia m\u00e9dica e medidas que extinguem a chamada quest\u00e3o de solidariedade, que garante hoje ao funcionalismo do BB, o desconto de 3% do sal\u00e1rio independentemente do n\u00famero de dependentes, de suas faixas et\u00e1rias ou gravidade de doen\u00e7as na fam\u00edlia. \u00a0<\/p>\n<p><strong>Refor\u00e7ar a unidade<\/strong><br \/>O diretor eleito da Cassi, Willian Mendes, tamb\u00e9m participou da reuni\u00e3o, al\u00e9m de representantes da Associa\u00e7\u00e3o dos Aposentados e Funcion\u00e1rios (AAFBB), da Associa\u00e7\u00e3o Nacional dos Funcion\u00e1rios (ANABB), da Associa\u00e7\u00e3o de Aposentados e Pensionistas (AAPBB), da Associa\u00e7\u00e3o Atl\u00e9tica (AABB-Rio) e da Contec, a Confedera\u00e7\u00e3o Nacional dos Trabalhadores nas Empresas de Cr\u00e9dito. O Sindicato do Rio foi representado pela banc\u00e1ria aposentada do banco, Fernanda Car\u00edsio<br \/>Todas as entidades que participaram da reuni\u00e3o tamb\u00e9m estiveram na mesa de negocia\u00e7\u00e3o com a dire\u00e7\u00e3o do BB para tratar da sustentabilidade da Cassi. <br \/>\u201c\u00c9 importante refor\u00e7ar a unidade dos banc\u00e1rios dos bancos p\u00fablicos, da ativa e aposentados, das institui\u00e7\u00f5es p\u00fablicas em conjunto com as demais categorias de trabalhadores das estatais para a defesa dos direitos dos benefici\u00e1rios dos planos de sa\u00fade\u201d, afirma Rita Mota, que representou a Comiss\u00e3o dos funcion\u00e1rios e a Contraf-CUT no encontro.<\/p>\n","protected":false},"excerpt":{"rendered":"<p>O Sindicato, a Comiss\u00e3o de Empresa dos Funcion\u00e1rios do Banco do Brasil, a Contraf-CUT, a Cassi e diversas outras entidades representativas participaram de uma reuni\u00e3o, na sede da Associa\u00e7\u00e3o dos Aposentados e Funcion\u00e1rios do banco (AAFBB), no Rio, de uma reuni\u00e3o com a Uni\u00e3o Nacional das Institui\u00e7\u00f5es de Auto-gest\u00e3o em Sa\u00fade (UNIDAS). Na pauta, a [&hellip;]<\/p>\n","protected":false},"author":2,"featured_media":2844,"comment_status":"","ping_status":"","sticky":false,"template":"","format":"standard","meta":{"footnotes":""},"categories":[3],"tags":[],"class_list":["post-2845","post","type-post","status-publish","format-standard","has-post-thumbnail","hentry","category-noticias"],"_links":{"self":[{"href":"https:\/\/hostnetart.com.br\/baixada\/wp-json\/wp\/v2\/posts\/2845","targetHints":{"allow":["GET"]}}],"collection":[{"href":"https:\/\/hostnetart.com.br\/baixada\/wp-json\/wp\/v2\/posts"}],"about":[{"href":"https:\/\/hostnetart.com.br\/baixada\/wp-json\/wp\/v2\/types\/post"}],"author":[{"embeddable":true,"href":"https:\/\/hostnetart.com.br\/baixada\/wp-json\/wp\/v2\/users\/2"}],"replies":[{"embeddable":true,"href":"https:\/\/hostnetart.com.br\/baixada\/wp-json\/wp\/v2\/comments?post=2845"}],"version-history":[{"count":0,"href":"https:\/\/hostnetart.com.br\/baixada\/wp-json\/wp\/v2\/posts\/2845\/revisions"}],"wp:featuredmedia":[{"embeddable":true,"href":"https:\/\/hostnetart.com.br\/baixada\/wp-json\/wp\/v2\/media\/2844"}],"wp:attachment":[{"href":"https:\/\/hostnetart.com.br\/baixada\/wp-json\/wp\/v2\/media?parent=2845"}],"wp:term":[{"taxonomy":"category","embeddable":true,"href":"https:\/\/hostnetart.com.br\/baixada\/wp-json\/wp\/v2\/categories?post=2845"},{"taxonomy":"post_tag","embeddable":true,"href":"https:\/\/hostnetart.com.br\/baixada\/wp-json\/wp\/v2\/tags?post=2845"}],"curies":[{"name":"wp","href":"https:\/\/api.w.org\/{rel}","templated":true}]}}