{"id":2841,"date":"2017-08-15T14:13:28","date_gmt":"2017-08-15T17:13:28","guid":{"rendered":"https:\/\/hostnetart.com.br\/baixada\/brasil-torna-se-a-74-nacao-a-ratificar-convencao-sobre-banimento-do-mercurio\/"},"modified":"2017-08-15T14:13:28","modified_gmt":"2017-08-15T17:13:28","slug":"brasil-torna-se-a-74-nacao-a-ratificar-convencao-sobre-banimento-do-mercurio","status":"publish","type":"post","link":"https:\/\/hostnetart.com.br\/baixada\/brasil-torna-se-a-74-nacao-a-ratificar-convencao-sobre-banimento-do-mercurio\/","title":{"rendered":"Brasil torna-se a 74\u00aa na\u00e7\u00e3o a ratificar Conven\u00e7\u00e3o sobre banimento do Merc\u00fario"},"content":{"rendered":"<p>O Brasil depositou na ONU, nesta semana, a ratifica\u00e7\u00e3o da Conven\u00e7\u00e3o de Minamata sobre o Merc\u00fario, um pacto internacional que estabelece crit\u00e9rios rigorosos para elimina\u00e7\u00e3o do uso da subst\u00e2ncia. A not\u00edcia \u00e9 do secret\u00e1rio-geral da CNQ, Itamar Sanches, que participou na \u00faltima quarta-feira (9\/08), da reuni\u00e3o da Comiss\u00e3o Nacional de Seguran\u00e7a Qu\u00edmica &#8211; GT Merc\u00fario, em Bras\u00edlia.<\/p>\n<p>O que isso significa? Que a partir de agora o Brasil est\u00e1 entre os pa\u00edses que trabalham efetivamente para a elimina\u00e7\u00e3o do uso e a redu\u00e7\u00e3o das emiss\u00f5es de merc\u00fario, cujo uso precisar\u00e1 ser substitu\u00eddo por subst\u00e2ncias menos t\u00f3xicas, que n\u00e3o agridam o meio ambiente nem a sa\u00fade humana.<\/p>\n<p>Aquele term\u00f4metro de vidro com uma coluna de merc\u00fario que muita gente ainda tem em casa, por exemplo, est\u00e1 com os dias contados. Sua fabrica\u00e7\u00e3o, uso e importa\u00e7\u00e3o ser\u00e1 banida no pa\u00eds at\u00e9 o final de 2018.<\/p>\n<p>\u201cForam muitos anos de luta, desde a d\u00e9cada de 80, e finalmente conseguimos essa importante vit\u00f3ria para a sa\u00fade e seguran\u00e7a dos trabalhadores e da popula\u00e7\u00e3o em geral\u201d, comenta Itamar.<\/p>\n<p><strong>Sindicatos precisam acompanhar o processo<\/strong><\/p>\n<p>Ele destaca o desafio dessa ratifica\u00e7\u00e3o \u00e0s entidades sindicais: \u201cos prazos de certas obriga\u00e7\u00f5es para elimina\u00e7\u00e3o da subst\u00e2ncia e troca de tecnologia na produ\u00e7\u00e3o industrial come\u00e7am a correr para o Brasil. Por isso precisamos nos organizar\u201d.<\/p>\n<p>Para isso, o secret\u00e1rio-geral da CNQ est\u00e1 discutindo com outras entidades a realiza\u00e7\u00e3o de um encontro de sindicatos que representam trabalhadores em empresas com plantas de Cloro \u00c1lcalis com c\u00e9lulas de Merc\u00fario, como a Braskem na Bahia, Carbocloro em S\u00e3o Paulo, Panamericana no Rio de Janeiro e Indusqu\u00edmica em Pernambuco.<\/p>\n<p>\u201cQueremos definir formas de acompanhar a implementa\u00e7\u00e3o da Conven\u00e7\u00e3o no ch\u00e3o da f\u00e1brica e assegurar que os procedimentos e descartes sejam feitos com seguran\u00e7a aos trabalhadores. Quando o assunto \u00e9 um elemento t\u00e3o nocivo \u00e0 nossa sa\u00fade, toda medida precisa ser realmente eficaz\u201d, pontua Sanches.<\/p>\n<p><strong>Cuidados com o descarte<\/strong><\/p>\n<p>Um dos aspectos que precisa de muita aten\u00e7\u00e3o diz respeito \u00e0 elimina\u00e7\u00e3o n\u00e3o s\u00f3 da subst\u00e2ncia como dos instrumentos que a utilizam.\u00a0 Para isso a Anvisa est\u00e1 estudando a reformula\u00e7\u00e3o de normas para o descarte, para adequ\u00e1-las \u00e0 Pol\u00edtica Nacional de Res\u00edduos S\u00f3lidos (PNRS).<\/p>\n<p>O merc\u00fario no meio ambiente traz riscos ao solo e aos mananciais h\u00eddricos. A subst\u00e2ncia pode ser absorvida pelo corpo atrav\u00e9s da inala\u00e7\u00e3o e contato com a pele. Seus efeitos s\u00e3o muito prejudiciais para a sa\u00fade, como bronquite, edema pulmonar, les\u00e3o renal, convuls\u00e3o, s\u00edndrome nefr\u00f3tica, insufici\u00eancia renal, les\u00f5es na pele, coma e at\u00e9 a morte.<\/p>\n<p><strong>Conven\u00e7\u00e3o de Minamata<\/strong><\/p>\n<p>Neste 8 de julho o Brasil tornou-se o 74\u00ba pa\u00eds a ratificar a Conven\u00e7\u00e3o de Minamata.<\/p>\n","protected":false},"excerpt":{"rendered":"<p>O Brasil depositou na ONU, nesta semana, a ratifica\u00e7\u00e3o da Conven\u00e7\u00e3o de Minamata sobre o Merc\u00fario, um pacto internacional que estabelece crit\u00e9rios rigorosos para elimina\u00e7\u00e3o do uso da subst\u00e2ncia. A not\u00edcia \u00e9 do secret\u00e1rio-geral da CNQ, Itamar Sanches, que participou na \u00faltima quarta-feira (9\/08), da reuni\u00e3o da Comiss\u00e3o Nacional de Seguran\u00e7a Qu\u00edmica &#8211; GT Merc\u00fario, [&hellip;]<\/p>\n","protected":false},"author":2,"featured_media":2840,"comment_status":"","ping_status":"","sticky":false,"template":"","format":"standard","meta":{"footnotes":""},"categories":[3],"tags":[],"class_list":["post-2841","post","type-post","status-publish","format-standard","has-post-thumbnail","hentry","category-noticias"],"_links":{"self":[{"href":"https:\/\/hostnetart.com.br\/baixada\/wp-json\/wp\/v2\/posts\/2841","targetHints":{"allow":["GET"]}}],"collection":[{"href":"https:\/\/hostnetart.com.br\/baixada\/wp-json\/wp\/v2\/posts"}],"about":[{"href":"https:\/\/hostnetart.com.br\/baixada\/wp-json\/wp\/v2\/types\/post"}],"author":[{"embeddable":true,"href":"https:\/\/hostnetart.com.br\/baixada\/wp-json\/wp\/v2\/users\/2"}],"replies":[{"embeddable":true,"href":"https:\/\/hostnetart.com.br\/baixada\/wp-json\/wp\/v2\/comments?post=2841"}],"version-history":[{"count":0,"href":"https:\/\/hostnetart.com.br\/baixada\/wp-json\/wp\/v2\/posts\/2841\/revisions"}],"wp:featuredmedia":[{"embeddable":true,"href":"https:\/\/hostnetart.com.br\/baixada\/wp-json\/wp\/v2\/media\/2840"}],"wp:attachment":[{"href":"https:\/\/hostnetart.com.br\/baixada\/wp-json\/wp\/v2\/media?parent=2841"}],"wp:term":[{"taxonomy":"category","embeddable":true,"href":"https:\/\/hostnetart.com.br\/baixada\/wp-json\/wp\/v2\/categories?post=2841"},{"taxonomy":"post_tag","embeddable":true,"href":"https:\/\/hostnetart.com.br\/baixada\/wp-json\/wp\/v2\/tags?post=2841"}],"curies":[{"name":"wp","href":"https:\/\/api.w.org\/{rel}","templated":true}]}}