{"id":2839,"date":"2017-08-15T14:11:03","date_gmt":"2017-08-15T17:11:03","guid":{"rendered":"https:\/\/hostnetart.com.br\/baixada\/seminario-discutiu-direitos-e-desafios-para-pessoas-lgbt\/"},"modified":"2017-08-15T14:11:03","modified_gmt":"2017-08-15T17:11:03","slug":"seminario-discutiu-direitos-e-desafios-para-pessoas-lgbt","status":"publish","type":"post","link":"https:\/\/hostnetart.com.br\/baixada\/seminario-discutiu-direitos-e-desafios-para-pessoas-lgbt\/","title":{"rendered":"Semin\u00e1rio discutiu direitos e desafios para pessoas LGBT"},"content":{"rendered":"<p>Com a presen\u00e7a de ativistas que atuam em v\u00e1rias \u00e1reas, o semin\u00e1rio Direitos LGBT e conjuntura levantou quest\u00f5es para reflex\u00e3o dos sindicalistas banc\u00e1rios. Temas como os reflexos das reformas trabalhista e da previd\u00eancia, acesso ao mercado de trabalho, conquista e garantia de direitos foram debatidos por advogados, pol\u00edticos, sindicalistas e intelectuais. O evento foi organizado pela Fetraf RJ\/ ES, seguindo as orienta\u00e7\u00f5es da CGROS da Contraf-CUT.<\/p>\n<p>Adilson Barros, diretor da Contraf-CUT e membro da CRGOS, enalteceu a import\u00e2ncia da realiza\u00e7\u00e3o deste Semin\u00e1rio LGBT no Rio de janeiro. \u201cO ideal \u00e9 que eventos como este aconte\u00e7a em outros estados e Sindicatos para uma maior reflex\u00e3o sobre o tema da diversidade. Este \u00e9 um dos momentos de conquistar cora\u00e7\u00f5es e mentes e continuar nossa luta por igualdade, seja no \u00e2mbito do trabalho e tamb\u00e9m em toda a sociedade. H\u00e1 uma onda conservadora numa tentativa de retirada de nossos direitos. \u00c9 preciso combater e resistir aos ataques a popula\u00e7\u00e3o LGBT e impedir que este conservadorismo tente avan\u00e7ar na nossa sociedade.\u201d<\/p>\n<p><strong>Fonte: Contraf-CUT<\/strong><\/p>\n","protected":false},"excerpt":{"rendered":"<p>Com a presen\u00e7a de ativistas que atuam em v\u00e1rias \u00e1reas, o semin\u00e1rio Direitos LGBT e conjuntura levantou quest\u00f5es para reflex\u00e3o dos sindicalistas banc\u00e1rios. Temas como os reflexos das reformas trabalhista e da previd\u00eancia, acesso ao mercado de trabalho, conquista e garantia de direitos foram debatidos por advogados, pol\u00edticos, sindicalistas e intelectuais. O evento foi organizado [&hellip;]<\/p>\n","protected":false},"author":2,"featured_media":2838,"comment_status":"","ping_status":"","sticky":false,"template":"","format":"standard","meta":{"footnotes":""},"categories":[3],"tags":[],"class_list":["post-2839","post","type-post","status-publish","format-standard","has-post-thumbnail","hentry","category-noticias"],"_links":{"self":[{"href":"https:\/\/hostnetart.com.br\/baixada\/wp-json\/wp\/v2\/posts\/2839","targetHints":{"allow":["GET"]}}],"collection":[{"href":"https:\/\/hostnetart.com.br\/baixada\/wp-json\/wp\/v2\/posts"}],"about":[{"href":"https:\/\/hostnetart.com.br\/baixada\/wp-json\/wp\/v2\/types\/post"}],"author":[{"embeddable":true,"href":"https:\/\/hostnetart.com.br\/baixada\/wp-json\/wp\/v2\/users\/2"}],"replies":[{"embeddable":true,"href":"https:\/\/hostnetart.com.br\/baixada\/wp-json\/wp\/v2\/comments?post=2839"}],"version-history":[{"count":0,"href":"https:\/\/hostnetart.com.br\/baixada\/wp-json\/wp\/v2\/posts\/2839\/revisions"}],"wp:featuredmedia":[{"embeddable":true,"href":"https:\/\/hostnetart.com.br\/baixada\/wp-json\/wp\/v2\/media\/2838"}],"wp:attachment":[{"href":"https:\/\/hostnetart.com.br\/baixada\/wp-json\/wp\/v2\/media?parent=2839"}],"wp:term":[{"taxonomy":"category","embeddable":true,"href":"https:\/\/hostnetart.com.br\/baixada\/wp-json\/wp\/v2\/categories?post=2839"},{"taxonomy":"post_tag","embeddable":true,"href":"https:\/\/hostnetart.com.br\/baixada\/wp-json\/wp\/v2\/tags?post=2839"}],"curies":[{"name":"wp","href":"https:\/\/api.w.org\/{rel}","templated":true}]}}