{"id":2837,"date":"2017-08-15T13:44:56","date_gmt":"2017-08-15T16:44:56","guid":{"rendered":"https:\/\/hostnetart.com.br\/baixada\/coletivo-nacional-de-saude-do-trabalhador-participa-de-audiencia-no-mpt\/"},"modified":"2017-08-15T13:44:56","modified_gmt":"2017-08-15T16:44:56","slug":"coletivo-nacional-de-saude-do-trabalhador-participa-de-audiencia-no-mpt","status":"publish","type":"post","link":"https:\/\/hostnetart.com.br\/baixada\/coletivo-nacional-de-saude-do-trabalhador-participa-de-audiencia-no-mpt\/","title":{"rendered":"Coletivo Nacional de Sa\u00fade do Trabalhador participa de audi\u00eancia no MPT"},"content":{"rendered":"<p><span style=\"text-decoration: underline;\"><em>Reuni\u00e3o ser\u00e1 com a Coordenadoria Nacional de Defesa do Meio Ambiente do Trabalho<\/em><\/span><\/p>\n<p>O Coletivo Nacional de Sa\u00fade do Trabalhador (a) da Contraf-CUT se reunir\u00e1 no dia 22 de agosto, \u00e0s 11h, na sede do Sindicato dos Banc\u00e1rios de Bras\u00edlia, para debater os assuntos a serem explorados durante a audi\u00eancia com a Coordenadoria Nacional de Defesa do Meio Ambiente do Trabalho (CODEMAT \u2013 MPT).<\/p>\n<p>A reuni\u00e3o discutir\u00e1 o servi\u00e7o m\u00e9dico dos bancos com destaque para os procedimentos internos adotados quando h\u00e1 afastamento do trabalho, recusa e substitui\u00e7\u00e3o de atestado m\u00e9dico, al\u00e9m da Conven\u00e7\u00e3o 161 da OIT, entre outros assuntos.<\/p>\n<p>A audi\u00eancia est\u00e1 marcada para o mesmo dia (22), \u00e0s 16h, na sede do Minist\u00e9rio P\u00fablico do Trabalho \u2013 MPT.<\/p>\n<p>\u00a0<\/p>\n<p><strong>Fonte: Contraf-CUT<\/strong><\/p>\n","protected":false},"excerpt":{"rendered":"<p>Reuni\u00e3o ser\u00e1 com a Coordenadoria Nacional de Defesa do Meio Ambiente do Trabalho O Coletivo Nacional de Sa\u00fade do Trabalhador (a) da Contraf-CUT se reunir\u00e1 no dia 22 de agosto, \u00e0s 11h, na sede do Sindicato dos Banc\u00e1rios de Bras\u00edlia, para debater os assuntos a serem explorados durante a audi\u00eancia com a Coordenadoria Nacional de [&hellip;]<\/p>\n","protected":false},"author":2,"featured_media":2836,"comment_status":"","ping_status":"","sticky":false,"template":"","format":"standard","meta":{"footnotes":""},"categories":[3],"tags":[],"class_list":["post-2837","post","type-post","status-publish","format-standard","has-post-thumbnail","hentry","category-noticias"],"_links":{"self":[{"href":"https:\/\/hostnetart.com.br\/baixada\/wp-json\/wp\/v2\/posts\/2837","targetHints":{"allow":["GET"]}}],"collection":[{"href":"https:\/\/hostnetart.com.br\/baixada\/wp-json\/wp\/v2\/posts"}],"about":[{"href":"https:\/\/hostnetart.com.br\/baixada\/wp-json\/wp\/v2\/types\/post"}],"author":[{"embeddable":true,"href":"https:\/\/hostnetart.com.br\/baixada\/wp-json\/wp\/v2\/users\/2"}],"replies":[{"embeddable":true,"href":"https:\/\/hostnetart.com.br\/baixada\/wp-json\/wp\/v2\/comments?post=2837"}],"version-history":[{"count":0,"href":"https:\/\/hostnetart.com.br\/baixada\/wp-json\/wp\/v2\/posts\/2837\/revisions"}],"wp:featuredmedia":[{"embeddable":true,"href":"https:\/\/hostnetart.com.br\/baixada\/wp-json\/wp\/v2\/media\/2836"}],"wp:attachment":[{"href":"https:\/\/hostnetart.com.br\/baixada\/wp-json\/wp\/v2\/media?parent=2837"}],"wp:term":[{"taxonomy":"category","embeddable":true,"href":"https:\/\/hostnetart.com.br\/baixada\/wp-json\/wp\/v2\/categories?post=2837"},{"taxonomy":"post_tag","embeddable":true,"href":"https:\/\/hostnetart.com.br\/baixada\/wp-json\/wp\/v2\/tags?post=2837"}],"curies":[{"name":"wp","href":"https:\/\/api.w.org\/{rel}","templated":true}]}}