{"id":2835,"date":"2017-08-14T18:11:23","date_gmt":"2017-08-14T21:11:23","guid":{"rendered":"https:\/\/hostnetart.com.br\/baixada\/xiii-reuniao-das-redes-sindicais-de-bancos-internacionais-comeca-nesta-terca-feira-15\/"},"modified":"2017-08-14T18:11:23","modified_gmt":"2017-08-14T21:11:23","slug":"xiii-reuniao-das-redes-sindicais-de-bancos-internacionais-comeca-nesta-terca-feira-15","status":"publish","type":"post","link":"https:\/\/hostnetart.com.br\/baixada\/xiii-reuniao-das-redes-sindicais-de-bancos-internacionais-comeca-nesta-terca-feira-15\/","title":{"rendered":"XIII\u00aa Reuni\u00e3o das Redes Sindicais de Bancos Internacionais come\u00e7a nesta ter\u00e7a-feira (15)"},"content":{"rendered":"<p><em><span style=\"text-decoration: underline;\">Presidente da Contraf-CUT diz que \u00e9 fundamental os trabalhadores se organizarem internacionalmente para lutarem contra pr\u00e1ticas que os atingem como classe e como categoria<\/span><\/em><\/p>\n<p>Representantes dos trabalhadores de bancos com atua\u00e7\u00e3o nos pa\u00edses das am\u00e9ricas realizam de ter\u00e7a a quinta-feira (15 a 17), em Assun\u00e7\u00e3o (Paraguai), a XIII\u00aa Reuni\u00e3o Conjunta das Redes Sindicais de Bancos Internacionais. O objetivo \u00e9 apresentar o quadro geral de cada um dos bancos nos respectivos pa\u00edses onde estes atuam e suas pol\u00edticas de relacionamento com os trabalhadores. Os bancos brasileiros com atua\u00e7\u00e3o internacional s\u00e3o o Banco do Brasil e o Ita\u00fa, al\u00e9m do espanhol Santander, que tem atua\u00e7\u00e3o no Brasil e em outros pa\u00edses americanos.<\/p>\n<p>\u201c\u00c9 fundamental os trabalhadores se organizarem internacionalmente para, juntos lutarmos contra pr\u00e1ticas que nos atingem como classe e como categoria, independente do pa\u00eds\u201d, disse Roberto von der Osten, presidente da Confedera\u00e7\u00e3o Nacional dos Trabalhadores do Ramo Financeiro (Contraf-CUT).<\/p>\n<p>O dirigente da Contraf-CUT citou como exemplo as mudan\u00e7as realizadas ou em andamento em diversos pa\u00edses que dificultam ou acabam com as aposentadorias. \u201cNo Brasil e no Paraguai, lutamos contra a reforma da Previd\u00eancia. No Chile, os trabalhadores j\u00e1 passaram por essa situa\u00e7\u00e3o e podem nos dizer como foi a luta e quais s\u00e3o as consequ\u00eancias das mudan\u00e7as. Esses debates podem nos ajudar a organizar nossa a\u00e7\u00e3o\u201d, explicou.<\/p>\n<p>Na manh\u00e3 do \u00faltimo dia da reuni\u00e3o, haver\u00e1 protestos dos trabalhadores em Assun\u00e7\u00e3o contra a reforma da previd\u00eancia. Na parte da tarde, o Comit\u00ea Executivo da UNI Am\u00e9ricas Finan\u00e7as se re\u00fane.<\/p>\n<p>Veja abaixo a programa\u00e7\u00e3o completa<\/p>\n<p><strong>XIII\u00aa Reuni\u00e3o Conjunta das Redes Sindicais de Bancos Internacionais<\/strong><br \/>Reuni\u00e3o Comit\u00ea Executivo UNI Am\u00e9ricas Finan\u00e7as<\/p>\n<p><strong>Dia 15 de agosto<\/strong><br \/>9:30 \u00e0s 10:30 \u2013 Abertura<br \/>10h30 \u00e0s 13h \u2013 Conjuntura Pol\u00edtica e Sindical na Regi\u00e3o<br \/>14h30 \u00e0s 17h30 \u2013 Conjuntura Pol\u00edtica e Sindical na Regi\u00e3o (continua\u00e7\u00e3o)<\/p>\n<p><strong>Dia 16 de agosto<\/strong><br \/>11h \u00e0s 13h \u2013 Reuni\u00e3o de Redes Sindicais por Banco<br \/>14:30 \u00e0s 17h \u2013 Reuni\u00e3o de Redes (continua\u00e7\u00e3o)<br \/>19h \u00e0s 22h \u2013 Ato Lan\u00e7amento Alian\u00e7a Latino-americana em Defesa da Previd\u00eancia Social<\/p>\n<p><strong>Dia 17 de agosto<\/strong><br \/>8h30 \u00e0s 12h \u2013 Mobiliza\u00e7\u00e3o contra reforma da Previd\u00eancia<br \/>12h \u00e0s 13h30 \u2013 Almo\u00e7o<br \/>13:30 \u00e0s 16:00 \u2013 Reuni\u00e3o Comit\u00ea Executivo UNI Am\u00e9ricas Finan\u00e7as<br \/>16h \u00e0s 16h30 \u2013 Parada para caf\u00e9<br \/>16h30 a 17h30 \u2013 Continua\u00e7\u00e3o Reuni\u00e3o Comit\u00ea Executivo UNI Am\u00e9ricas Finan\u00e7as<\/p>\n<p><em><strong>Fonte: Contraf-CUT<\/strong><\/em><\/p>\n","protected":false},"excerpt":{"rendered":"<p>Presidente da Contraf-CUT diz que \u00e9 fundamental os trabalhadores se organizarem internacionalmente para lutarem contra pr\u00e1ticas que os atingem como classe e como categoria Representantes dos trabalhadores de bancos com atua\u00e7\u00e3o nos pa\u00edses das am\u00e9ricas realizam de ter\u00e7a a quinta-feira (15 a 17), em Assun\u00e7\u00e3o (Paraguai), a XIII\u00aa Reuni\u00e3o Conjunta das Redes Sindicais de Bancos [&hellip;]<\/p>\n","protected":false},"author":2,"featured_media":2834,"comment_status":"","ping_status":"","sticky":false,"template":"","format":"standard","meta":{"footnotes":""},"categories":[3],"tags":[],"class_list":["post-2835","post","type-post","status-publish","format-standard","has-post-thumbnail","hentry","category-noticias"],"_links":{"self":[{"href":"https:\/\/hostnetart.com.br\/baixada\/wp-json\/wp\/v2\/posts\/2835","targetHints":{"allow":["GET"]}}],"collection":[{"href":"https:\/\/hostnetart.com.br\/baixada\/wp-json\/wp\/v2\/posts"}],"about":[{"href":"https:\/\/hostnetart.com.br\/baixada\/wp-json\/wp\/v2\/types\/post"}],"author":[{"embeddable":true,"href":"https:\/\/hostnetart.com.br\/baixada\/wp-json\/wp\/v2\/users\/2"}],"replies":[{"embeddable":true,"href":"https:\/\/hostnetart.com.br\/baixada\/wp-json\/wp\/v2\/comments?post=2835"}],"version-history":[{"count":0,"href":"https:\/\/hostnetart.com.br\/baixada\/wp-json\/wp\/v2\/posts\/2835\/revisions"}],"wp:featuredmedia":[{"embeddable":true,"href":"https:\/\/hostnetart.com.br\/baixada\/wp-json\/wp\/v2\/media\/2834"}],"wp:attachment":[{"href":"https:\/\/hostnetart.com.br\/baixada\/wp-json\/wp\/v2\/media?parent=2835"}],"wp:term":[{"taxonomy":"category","embeddable":true,"href":"https:\/\/hostnetart.com.br\/baixada\/wp-json\/wp\/v2\/categories?post=2835"},{"taxonomy":"post_tag","embeddable":true,"href":"https:\/\/hostnetart.com.br\/baixada\/wp-json\/wp\/v2\/tags?post=2835"}],"curies":[{"name":"wp","href":"https:\/\/api.w.org\/{rel}","templated":true}]}}