{"id":2833,"date":"2017-08-14T14:26:58","date_gmt":"2017-08-14T17:26:58","guid":{"rendered":"https:\/\/hostnetart.com.br\/baixada\/itau-e-condenado-a-reintegrar-bancario-demitido-durante-tratamento-de-cancer\/"},"modified":"2017-08-14T14:26:58","modified_gmt":"2017-08-14T17:26:58","slug":"itau-e-condenado-a-reintegrar-bancario-demitido-durante-tratamento-de-cancer","status":"publish","type":"post","link":"https:\/\/hostnetart.com.br\/baixada\/itau-e-condenado-a-reintegrar-bancario-demitido-durante-tratamento-de-cancer\/","title":{"rendered":"Ita\u00fa \u00e9 condenado a reintegrar banc\u00e1rio demitido durante tratamento de c\u00e2ncer"},"content":{"rendered":"<p><span style=\"text-decoration: underline;\"><em>\u200bTerceira Turma do TRT11 manteve inalterada a senten\u00e7a por entender que o banco n\u00e3o conseguiu afastar a presun\u00e7\u00e3o de dispensa discriminat\u00f3ria, nos termos da S\u00famula 443 do TST<\/em><\/span><\/p>\n<p>O Ita\u00fa foi condenado a reintegrar um banc\u00e1rio demitido durante tratamento de c\u00e2ncer, pagar os sal\u00e1rios do per\u00edodo compreendido entre as datas da dispensa e da efetiva reintegra\u00e7\u00e3o, al\u00e9m de indeniz\u00e1-lo por danos morais, conforme senten\u00e7a mantida na \u00edntegra pela Terceira Turma do Tribunal Regional do Trabalho da 11\u00aa Regi\u00e3o &#8211; AM\/RR (TRT11). A condena\u00e7\u00e3o, confirmada por unanimidade de votos, totalizou o valor de R$ 100 mil.<\/p>\n<p>Na sess\u00e3o de julgamento, em que o reclamado pretendia a improced\u00eancia da a\u00e7\u00e3o, enquanto o reclamante buscava aumentar o valor indenizat\u00f3rio por danos morais fixado em R$ 30 mil, a decis\u00e3o colegiada rejeitou os recursos das partes e manteve todos os termos da senten\u00e7a de origem.<\/p>\n<p>De acordo com a desembargadora relatora Ormy da Concei\u00e7\u00e3o Dias Bentes, a dispensa imotivada de empregado portador de doen\u00e7a grave autoriza presumir, em tese, seu car\u00e1ter discriminat\u00f3rio e arbitr\u00e1rio, cabendo ao empregador produzir prova da exist\u00eancia de outros motivos l\u00edcitos para a pr\u00e1tica do ato. Entretanto, ela entendeu que o banco n\u00e3o conseguiu afastar a presun\u00e7\u00e3o da S\u00famula 443 do Tribunal Superior do Trabalho (TST), pois n\u00e3o fez prova da aus\u00eancia de discrimina\u00e7\u00e3o na demiss\u00e3o sem justa causa do funcion\u00e1rio.<\/p>\n<p>&#8220;Nas hip\u00f3teses em que o empregado encontra-se acometido por enfermidade grave, o empregador tem o dever de assumir uma postura condizente com os princ\u00edpios constitucionais da dignidade da pessoa humana e de valoriza\u00e7\u00e3o do trabalho&#8221;, argumentou em seu voto.<\/p>\n<p><strong>Leia mais no site do TRT11.<\/strong><\/p>\n","protected":false},"excerpt":{"rendered":"<p>\u200bTerceira Turma do TRT11 manteve inalterada a senten\u00e7a por entender que o banco n\u00e3o conseguiu afastar a presun\u00e7\u00e3o de dispensa discriminat\u00f3ria, nos termos da S\u00famula 443 do TST O Ita\u00fa foi condenado a reintegrar um banc\u00e1rio demitido durante tratamento de c\u00e2ncer, pagar os sal\u00e1rios do per\u00edodo compreendido entre as datas da dispensa e da efetiva [&hellip;]<\/p>\n","protected":false},"author":2,"featured_media":2832,"comment_status":"","ping_status":"","sticky":false,"template":"","format":"standard","meta":{"footnotes":""},"categories":[3],"tags":[],"class_list":["post-2833","post","type-post","status-publish","format-standard","has-post-thumbnail","hentry","category-noticias"],"_links":{"self":[{"href":"https:\/\/hostnetart.com.br\/baixada\/wp-json\/wp\/v2\/posts\/2833","targetHints":{"allow":["GET"]}}],"collection":[{"href":"https:\/\/hostnetart.com.br\/baixada\/wp-json\/wp\/v2\/posts"}],"about":[{"href":"https:\/\/hostnetart.com.br\/baixada\/wp-json\/wp\/v2\/types\/post"}],"author":[{"embeddable":true,"href":"https:\/\/hostnetart.com.br\/baixada\/wp-json\/wp\/v2\/users\/2"}],"replies":[{"embeddable":true,"href":"https:\/\/hostnetart.com.br\/baixada\/wp-json\/wp\/v2\/comments?post=2833"}],"version-history":[{"count":0,"href":"https:\/\/hostnetart.com.br\/baixada\/wp-json\/wp\/v2\/posts\/2833\/revisions"}],"wp:featuredmedia":[{"embeddable":true,"href":"https:\/\/hostnetart.com.br\/baixada\/wp-json\/wp\/v2\/media\/2832"}],"wp:attachment":[{"href":"https:\/\/hostnetart.com.br\/baixada\/wp-json\/wp\/v2\/media?parent=2833"}],"wp:term":[{"taxonomy":"category","embeddable":true,"href":"https:\/\/hostnetart.com.br\/baixada\/wp-json\/wp\/v2\/categories?post=2833"},{"taxonomy":"post_tag","embeddable":true,"href":"https:\/\/hostnetart.com.br\/baixada\/wp-json\/wp\/v2\/tags?post=2833"}],"curies":[{"name":"wp","href":"https:\/\/api.w.org\/{rel}","templated":true}]}}