{"id":2829,"date":"2017-08-14T14:03:25","date_gmt":"2017-08-14T17:03:25","guid":{"rendered":"https:\/\/hostnetart.com.br\/baixada\/dia-nacional-de-luta-vai-reivindicar-mais-respeito-aos-empregados-da-caixa\/"},"modified":"2017-08-14T14:03:25","modified_gmt":"2017-08-14T17:03:25","slug":"dia-nacional-de-luta-vai-reivindicar-mais-respeito-aos-empregados-da-caixa","status":"publish","type":"post","link":"https:\/\/hostnetart.com.br\/baixada\/dia-nacional-de-luta-vai-reivindicar-mais-respeito-aos-empregados-da-caixa\/","title":{"rendered":"Dia Nacional de Luta vai reivindicar mais respeito aos empregados da Caixa"},"content":{"rendered":"<p><span style=\"text-decoration: underline;\"><em>Mobiliza\u00e7\u00e3o acontecer\u00e1 na pr\u00f3xima ter\u00e7a-feira (15), data de mais uma rodada de negocia\u00e7\u00e3o da mesa permanente com a dire\u00e7\u00e3o do banco<\/em><\/span><\/p>\n<p>Empregados da Caixa Econ\u00f4mica Federal de todo o pa\u00eds v\u00e3o realizar, na pr\u00f3xima ter\u00e7a-feira (15), Dia Nacional de Luta por valoriza\u00e7\u00e3o e respeito aos seus direitos. O objetivo \u00e9 cobrar da dire\u00e7\u00e3o da empresa a suspens\u00e3o das medidas em curso, que s\u00e3o prejudiciais aos trabalhadores e que precarizam o atendimento \u00e0 popula\u00e7\u00e3o e o papel social do banco.<\/p>\n<p>\u201cAs medidas tomadas pela atual dire\u00e7\u00e3o da Caixa tem gerado inseguran\u00e7a entre os empregados. Mas, as a\u00e7\u00f5es prejudicam toda a sociedade, na medida em que afetam o atendimento aos clientes e os investimentos do banco em habita\u00e7\u00e3o, al\u00e9m de abrir a possibilidade da transfer\u00eancia da gest\u00e3o dos recursos do FGTS para bancos privados\u201d, afirmou Dion\u00edsio Siqueira, coordenador da Comiss\u00e3o Executiva dos Empregados da Caixa Econ\u00f4mica Federal (CEE\/Caixa).<\/p>\n<p>Neste dia, os membros da CEE\/Caixa ter\u00e3o nova rodada de negocia\u00e7\u00e3o da mesa permanente, na qual v\u00e3o reafirmar o posicionamento da categoria contra a reestrutura\u00e7\u00e3o e a amplia\u00e7\u00e3o do programa de Gest\u00e3o de Desempenho de Pessoas (GDP), em defesa da revoga\u00e7\u00e3o do RH 037, que abre espa\u00e7o para a contrata\u00e7\u00e3o de banc\u00e1rios tempor\u00e1rios, pela contrata\u00e7\u00e3o de mais empregados e em defesa da Caixa 100% p\u00fablica.<\/p>\n<p>A mobiliza\u00e7\u00e3o foi definida pela CEE\/Caixa, que assessora a Confedera\u00e7\u00e3o Nacional dos Trabalhadores (Contraf-CUT) nas negocia\u00e7\u00f5es com o banco. Para ajudar na mobiliza\u00e7\u00e3o, Contraf-CUT e Fenae produziram uma carta aberta que ser\u00e1 distribu\u00edda aos empregados e \u00e0 popula\u00e7\u00e3o. A orienta\u00e7\u00e3o \u00e9 para que federa\u00e7\u00f5es e sindicatos reproduzam o material.<\/p>\n<p>Outra recomenda\u00e7\u00e3o \u00e9 que fotos e relatos das atividades nos estados sejam postados nas redes sociais (utilizando a hashtag #caixarespeiteoempregado), bem como enviados \u00e0s entidades representativas, a exemplo da Contraf-CUT (imprensa@contrafcut.org.br) e da Fenae (imprensa@fenae.org.br).<\/p>\n<p>O documento destaca que a mobiliza\u00e7\u00e3o visa cobrar do governo Temer e da dire\u00e7\u00e3o da Caixa mais respeito \u00e0 popula\u00e7\u00e3o e aos empregados. \u201cNossas manifesta\u00e7\u00f5es visam alertar os brasileiros para o processo de desmonte ao qual est\u00e1 sendo submetida a Caixa, uma institui\u00e7\u00e3o financeira centen\u00e1ria que tem contribu\u00eddo para o desenvolvimento do pa\u00eds, por meio de programas de gera\u00e7\u00e3o de emprego e renda, financiamento habitacional, incentivo ao turismo, redu\u00e7\u00e3o da desigualdade regional, dentre outras\u201d, relata a Carta Aberta \u00e0 Popula\u00e7\u00e3o.<\/p>\n<p>A mobiliza\u00e7\u00e3o da categoria acontece em um momento que a Caixa est\u00e1 sendo atacada, visando o desmonte do banco p\u00fablico. \u201cN\u00e3o vamos admitir retrocessos e preju\u00edzos aos trabalhadores. \u00c9 fundamental que eles que se sintam prejudicados procurem seus sindicatos e repassem os problemas que est\u00e3o ocorrendo. O momento \u00e9 de intensificar a nossa luta\u201d, ressalta Fabiana Uehara, representante da Contraf-CUT na CEE\/Caixa.<\/p>\n<p><strong>Precariza\u00e7\u00e3o<\/strong><br \/>A Caixa, que j\u00e1 chegou a ter 101 mil empregados em 2014, poder\u00e1 ficar com menos de 90 mil, ap\u00f3s a reabertura do Programa de Desligamento Volunt\u00e1rio Extraordin\u00e1rio (PDVE), em 20 de julho. Al\u00e9m da redu\u00e7\u00e3o do quadro de pessoal, que gera sobrecarga de trabalho e adoecimento, a dire\u00e7\u00e3o do banco est\u00e1 impondo, de forma unilateral, uma reestrutura\u00e7\u00e3o e amplia\u00e7\u00e3o do GDP, que mexe com postos de trabalho e atinge os direitos dos trabalhadores.<\/p>\n<p>\u201cEssas medidas s\u00e3o contr\u00e1rias \u00e0 import\u00e2ncia do banco para o pa\u00eds e caminham na contram\u00e3o da necessidade de fortalecer a empresa e assegurar melhorias nas condi\u00e7\u00f5es de trabalho. \u00c9 contra isso que entidades e empregados v\u00e3o lutar sempre\u201d, destaca o presidente da Fenae, Jair Pedro Ferreira.<\/p>\n<p><strong>Fonte: Fenae, com edi\u00e7\u00f5es da Contraf-CUT<\/strong><\/p>\n","protected":false},"excerpt":{"rendered":"<p>Mobiliza\u00e7\u00e3o acontecer\u00e1 na pr\u00f3xima ter\u00e7a-feira (15), data de mais uma rodada de negocia\u00e7\u00e3o da mesa permanente com a dire\u00e7\u00e3o do banco Empregados da Caixa Econ\u00f4mica Federal de todo o pa\u00eds v\u00e3o realizar, na pr\u00f3xima ter\u00e7a-feira (15), Dia Nacional de Luta por valoriza\u00e7\u00e3o e respeito aos seus direitos. O objetivo \u00e9 cobrar da dire\u00e7\u00e3o da empresa [&hellip;]<\/p>\n","protected":false},"author":2,"featured_media":2828,"comment_status":"","ping_status":"","sticky":false,"template":"","format":"standard","meta":{"footnotes":""},"categories":[3],"tags":[],"class_list":["post-2829","post","type-post","status-publish","format-standard","has-post-thumbnail","hentry","category-noticias"],"_links":{"self":[{"href":"https:\/\/hostnetart.com.br\/baixada\/wp-json\/wp\/v2\/posts\/2829","targetHints":{"allow":["GET"]}}],"collection":[{"href":"https:\/\/hostnetart.com.br\/baixada\/wp-json\/wp\/v2\/posts"}],"about":[{"href":"https:\/\/hostnetart.com.br\/baixada\/wp-json\/wp\/v2\/types\/post"}],"author":[{"embeddable":true,"href":"https:\/\/hostnetart.com.br\/baixada\/wp-json\/wp\/v2\/users\/2"}],"replies":[{"embeddable":true,"href":"https:\/\/hostnetart.com.br\/baixada\/wp-json\/wp\/v2\/comments?post=2829"}],"version-history":[{"count":0,"href":"https:\/\/hostnetart.com.br\/baixada\/wp-json\/wp\/v2\/posts\/2829\/revisions"}],"wp:featuredmedia":[{"embeddable":true,"href":"https:\/\/hostnetart.com.br\/baixada\/wp-json\/wp\/v2\/media\/2828"}],"wp:attachment":[{"href":"https:\/\/hostnetart.com.br\/baixada\/wp-json\/wp\/v2\/media?parent=2829"}],"wp:term":[{"taxonomy":"category","embeddable":true,"href":"https:\/\/hostnetart.com.br\/baixada\/wp-json\/wp\/v2\/categories?post=2829"},{"taxonomy":"post_tag","embeddable":true,"href":"https:\/\/hostnetart.com.br\/baixada\/wp-json\/wp\/v2\/tags?post=2829"}],"curies":[{"name":"wp","href":"https:\/\/api.w.org\/{rel}","templated":true}]}}