{"id":2825,"date":"2017-08-11T19:40:41","date_gmt":"2017-08-11T22:40:41","guid":{"rendered":"https:\/\/hostnetart.com.br\/baixada\/cut-emite-nota-sobre-nova-aliquota-de-ir\/"},"modified":"2017-08-11T19:40:41","modified_gmt":"2017-08-11T22:40:41","slug":"cut-emite-nota-sobre-nova-aliquota-de-ir","status":"publish","type":"post","link":"https:\/\/hostnetart.com.br\/baixada\/cut-emite-nota-sobre-nova-aliquota-de-ir\/","title":{"rendered":"CUT emite nota sobre nova al\u00edquota de IR"},"content":{"rendered":"<p>Com a desculpa de que precisava cobrir o rombo nos cofres, o governo Temer congelou os gastos p\u00fablicos por 20 anos, inviabilizando servi\u00e7os em \u00e1reas como sa\u00fade e educa\u00e7\u00e3o. Na \u00e9poca, prometeu, em rede nacional, \u201ccolocar as contas do pa\u00eds em dia\u201d e n\u00e3o aumentar tributos.<\/p>\n<p>Enganou os brasileiros. Est\u00e1 descumprindo a promessa.<\/p>\n<p>Nesta ter\u00e7a-feira, Temer anunciou a cria\u00e7\u00e3o de uma nova al\u00edquota de imposto de renda para pessoa f\u00edsica, que pode variar de 30% a 35% para sal\u00e1rios acima de R$ 20 mil, al\u00e9m da tributa\u00e7\u00e3o de lucros e dividendos, entre outras medidas, com o objetivo de aumentar a receita em 2018.<\/p>\n<p>Motivo alegado: as contas do pa\u00eds devem fechar o ano com um resultado prim\u00e1rio negativo de R$139 bilh\u00f5es &#8211; valor que pode subir se a arrecada\u00e7\u00e3o n\u00e3o aumentar. Como o pa\u00eds continua mergulhado em uma profunda crise, n\u00e3o h\u00e1 luz no fim do t\u00fanel.<\/p>\n<p>A CUT sempre defendeu a amplia\u00e7\u00e3o do n\u00famero de faixas de imposto de renda para quem ganha mais e tamb\u00e9m defende amplia\u00e7\u00e3o da faixa de renda isenta de tributa\u00e7\u00e3o, o que beneficiaria os mais pobres.<\/p>\n<p>Para a CUT, a tabela de imposto de renda deve ser atualizada anualmente pela infla\u00e7\u00e3o. Mas, Temer n\u00e3o atualizou a tabela em 2017 nem mexeu na faixa de isen\u00e7\u00e3o, o que vem penalizando os trabalhadores com menores sal\u00e1rios.<\/p>\n<p>Nesse sentido, a CUT entende que as medidas de Temer t\u00eam mais o car\u00e1ter de desespero de um governo incompetente e sem rumo, frente ao cen\u00e1rio nacional desastroso na economia e nas contas p\u00fablicas. Desastre esse provocado pelo pr\u00f3prio governo golpista.<\/p>\n<p>Para a CUT, Temer quer ampliar gastos de forma imoral em troca de favores para se manter no cargo a qualquer pre\u00e7o.<\/p>\n<p>Ampliar impostos para esse fim \u00e9 inaceit\u00e1vel.<\/p>\n<p>Toda amplia\u00e7\u00e3o de recurso deve ser utilizada para garantir o crescimento econ\u00f4mico, gera\u00e7\u00e3o de emprego e renda. O governo Temer privilegia pagar juros para os banqueiros em detrimento da sa\u00fade, educa\u00e7\u00e3o, programa Bolsa Fam\u00edlia, cr\u00e9dito para o pequeno agricultor, entre outros programas, que beneficiam o conjunto dos brasileiros.<\/p>\n<p>Vagner Freitas, presidente da CUT<\/p>\n<p>Fonte: CUT<\/p>\n","protected":false},"excerpt":{"rendered":"<p>Com a desculpa de que precisava cobrir o rombo nos cofres, o governo Temer congelou os gastos p\u00fablicos por 20 anos, inviabilizando servi\u00e7os em \u00e1reas como sa\u00fade e educa\u00e7\u00e3o. Na \u00e9poca, prometeu, em rede nacional, \u201ccolocar as contas do pa\u00eds em dia\u201d e n\u00e3o aumentar tributos. Enganou os brasileiros. Est\u00e1 descumprindo a promessa. Nesta ter\u00e7a-feira, [&hellip;]<\/p>\n","protected":false},"author":2,"featured_media":2824,"comment_status":"","ping_status":"","sticky":false,"template":"","format":"standard","meta":{"footnotes":""},"categories":[3],"tags":[],"class_list":["post-2825","post","type-post","status-publish","format-standard","has-post-thumbnail","hentry","category-noticias"],"_links":{"self":[{"href":"https:\/\/hostnetart.com.br\/baixada\/wp-json\/wp\/v2\/posts\/2825","targetHints":{"allow":["GET"]}}],"collection":[{"href":"https:\/\/hostnetart.com.br\/baixada\/wp-json\/wp\/v2\/posts"}],"about":[{"href":"https:\/\/hostnetart.com.br\/baixada\/wp-json\/wp\/v2\/types\/post"}],"author":[{"embeddable":true,"href":"https:\/\/hostnetart.com.br\/baixada\/wp-json\/wp\/v2\/users\/2"}],"replies":[{"embeddable":true,"href":"https:\/\/hostnetart.com.br\/baixada\/wp-json\/wp\/v2\/comments?post=2825"}],"version-history":[{"count":0,"href":"https:\/\/hostnetart.com.br\/baixada\/wp-json\/wp\/v2\/posts\/2825\/revisions"}],"wp:featuredmedia":[{"embeddable":true,"href":"https:\/\/hostnetart.com.br\/baixada\/wp-json\/wp\/v2\/media\/2824"}],"wp:attachment":[{"href":"https:\/\/hostnetart.com.br\/baixada\/wp-json\/wp\/v2\/media?parent=2825"}],"wp:term":[{"taxonomy":"category","embeddable":true,"href":"https:\/\/hostnetart.com.br\/baixada\/wp-json\/wp\/v2\/categories?post=2825"},{"taxonomy":"post_tag","embeddable":true,"href":"https:\/\/hostnetart.com.br\/baixada\/wp-json\/wp\/v2\/tags?post=2825"}],"curies":[{"name":"wp","href":"https:\/\/api.w.org\/{rel}","templated":true}]}}