{"id":2819,"date":"2017-08-11T19:36:35","date_gmt":"2017-08-11T22:36:35","guid":{"rendered":"https:\/\/hostnetart.com.br\/baixada\/negociacao-coletiva-e-o-caminho-para-barrar-desmonte-trabalhista\/"},"modified":"2017-08-11T19:36:35","modified_gmt":"2017-08-11T22:36:35","slug":"negociacao-coletiva-e-o-caminho-para-barrar-desmonte-trabalhista","status":"publish","type":"post","link":"https:\/\/hostnetart.com.br\/baixada\/negociacao-coletiva-e-o-caminho-para-barrar-desmonte-trabalhista\/","title":{"rendered":"Negocia\u00e7\u00e3o coletiva \u00e9 o caminho para barrar desmonte trabalhista"},"content":{"rendered":"<p><span style=\"text-decoration: underline;\"><em>Movimento sindical precisa estar unido para se fortalecer na luta contra a retirada de direitos<\/em><\/span><\/p>\n<p>A Lei 13.467\/2017 (reforma trabalhista), sancionada por Michel Temer (PMDB) no dia 13 de julho, entrar\u00e1 em vigor em tr\u00eas meses e inaugurar\u00e1 a CLT dos patr\u00f5es, com todas as principais reivindica\u00e7\u00f5es dos empregadores e uma artilharia pesada contra o trabalho decente.<\/p>\n<p>O Coletivo Jur\u00eddico da Central da CUT observou na quinta-feira (10), em S\u00e3o Paulo, durante reuni\u00e3o entre assessores e dirigentes de organiza\u00e7\u00f5es da CUT que as organiza\u00e7\u00f5es sindicais ter\u00e3o de apostar na solidariedade, na parceria entre ramos e categorias e em negocia\u00e7\u00f5es coletivas para enfrentar os ataques autorizados pela nova legisla\u00e7\u00e3o trabalhista.<\/p>\n<p>\u201cDiversas organiza\u00e7\u00f5es sindicais do ramo financeiro est\u00e3o participando desta reuni\u00e3o com o objetivo de tra\u00e7armos juntos estrat\u00e9gias jur\u00eddicas e pol\u00edticas para combater esta \u2018contrarreforma\u2019, que traz enormes preju\u00edzos para a classe trabalhadora\u201d, afirmou Mauri Sergio Martins de Sousa, secret\u00e1rio de Assuntos Jur\u00eddicos da Confedera\u00e7\u00e3o Nacional dos Trabalhadores do Ramo Financeiro (Contraf-CUT). \u201cO movimento sindical precisa estar unido para se fortalecer na luta contra a retirada de direitos\u201d, completou o dirigente.<\/p>\n<p>Os dirigentes apontaram ainda que o cen\u00e1rio vai exigir a aproxima\u00e7\u00e3o entre a classe trabalhadora, desembargadores, representantes do Minist\u00e9rio P\u00fablico do Trabalho (MPT) e do Tribunal Superior do Trabalho (TST) para discutir uma jurisprud\u00eancia capaz de manter condi\u00e7\u00f5es dignas na rela\u00e7\u00e3o entre trabalhadores e empregadores.<\/p>\n<p><strong>As informa\u00e7\u00f5es s\u00e3o da CUT.<\/strong><\/p>\n","protected":false},"excerpt":{"rendered":"<p>Movimento sindical precisa estar unido para se fortalecer na luta contra a retirada de direitos A Lei 13.467\/2017 (reforma trabalhista), sancionada por Michel Temer (PMDB) no dia 13 de julho, entrar\u00e1 em vigor em tr\u00eas meses e inaugurar\u00e1 a CLT dos patr\u00f5es, com todas as principais reivindica\u00e7\u00f5es dos empregadores e uma artilharia pesada contra o [&hellip;]<\/p>\n","protected":false},"author":2,"featured_media":2818,"comment_status":"","ping_status":"","sticky":false,"template":"","format":"standard","meta":{"footnotes":""},"categories":[3],"tags":[],"class_list":["post-2819","post","type-post","status-publish","format-standard","has-post-thumbnail","hentry","category-noticias"],"_links":{"self":[{"href":"https:\/\/hostnetart.com.br\/baixada\/wp-json\/wp\/v2\/posts\/2819","targetHints":{"allow":["GET"]}}],"collection":[{"href":"https:\/\/hostnetart.com.br\/baixada\/wp-json\/wp\/v2\/posts"}],"about":[{"href":"https:\/\/hostnetart.com.br\/baixada\/wp-json\/wp\/v2\/types\/post"}],"author":[{"embeddable":true,"href":"https:\/\/hostnetart.com.br\/baixada\/wp-json\/wp\/v2\/users\/2"}],"replies":[{"embeddable":true,"href":"https:\/\/hostnetart.com.br\/baixada\/wp-json\/wp\/v2\/comments?post=2819"}],"version-history":[{"count":0,"href":"https:\/\/hostnetart.com.br\/baixada\/wp-json\/wp\/v2\/posts\/2819\/revisions"}],"wp:featuredmedia":[{"embeddable":true,"href":"https:\/\/hostnetart.com.br\/baixada\/wp-json\/wp\/v2\/media\/2818"}],"wp:attachment":[{"href":"https:\/\/hostnetart.com.br\/baixada\/wp-json\/wp\/v2\/media?parent=2819"}],"wp:term":[{"taxonomy":"category","embeddable":true,"href":"https:\/\/hostnetart.com.br\/baixada\/wp-json\/wp\/v2\/categories?post=2819"},{"taxonomy":"post_tag","embeddable":true,"href":"https:\/\/hostnetart.com.br\/baixada\/wp-json\/wp\/v2\/tags?post=2819"}],"curies":[{"name":"wp","href":"https:\/\/api.w.org\/{rel}","templated":true}]}}