{"id":2817,"date":"2017-08-11T19:27:19","date_gmt":"2017-08-11T22:27:19","guid":{"rendered":"https:\/\/hostnetart.com.br\/baixada\/trabalhadores-de-cooperativas-de-credito-terao-aumento-real-de-2-55\/"},"modified":"2017-08-11T19:27:19","modified_gmt":"2017-08-11T22:27:19","slug":"trabalhadores-de-cooperativas-de-credito-terao-aumento-real-de-2-55","status":"publish","type":"post","link":"https:\/\/hostnetart.com.br\/baixada\/trabalhadores-de-cooperativas-de-credito-terao-aumento-real-de-2-55\/","title":{"rendered":"Trabalhadores de cooperativas de cr\u00e9dito ter\u00e3o aumento real de 2,55%"},"content":{"rendered":"<p>Os trabalhadores de cooperativas de cr\u00e9dito aprovaram em assembleia realizada nesta quinta-feira (10) a proposta feita pela entidade patronal de reajuste de 5,99% para sal\u00e1rios e demais verbas como vales refei\u00e7\u00e3o, alimenta\u00e7\u00e3o, 13\u00aa cesta e aux\u00edlios (veja valores no quadro abaixo).<\/p>\n<p>\u201cUm dos melhores reajustes do semestre foi conquistado pelas cooperativas\u201d, avalia Jair Alves, diretor da Confedera\u00e7\u00e3o Nacional dos Trabalhadores do Ramo Financeiro (Contraf-CUT), respons\u00e1vel pelo segmento. O dirigente sindical observou ainda que somente as cl\u00e1usulas econ\u00f4micas foram renovadas e os demais direitos continuam valendo at\u00e9 31 de maio de 2018.<\/p>\n<p><strong>Entenda<\/strong><br \/>A categoria celebrou em 2016 uma Conven\u00e7\u00e3o Coletiva de Trabalho (CCT) com vig\u00eancia de dois anos, sendo que as cl\u00e1usulas econ\u00f4micas seriam renovadas em um ano. Assim, ap\u00f3s longa negocia\u00e7\u00e3o, a entidade patronal apresentou o \u00edndice de 5,99%, que equivale ao INPC\/IBGE acumulado do per\u00edodo de junho\/2016 a maio\/2017 (3,35%) mais aumento real de 2,55%.<\/p>\n<p><strong>Assistencial<\/strong><br \/>A contribui\u00e7\u00e3o assistencial autorizada no ano passado tamb\u00e9m ter\u00e1 reajuste, passando a R$ 27,97. Os trabalhadores que forem contra o desconto dever\u00e3o registrar sua contrariedade junto ao seu sindicato.<\/p>\n<p>\u201cAp\u00f3s essa reforma trabalhista, aprovada pelo Congresso, ser\u00e1 ainda mais necess\u00e1ria a aproxima\u00e7\u00e3o dos trabalhadores junto aos sindicatos, a fim de combater os preju\u00edzos trazidos pela lei e para manuten\u00e7\u00e3o dos direitos j\u00e1 conquistados pelos acordos coletivos celebrados h\u00e1 mais de 20 anos. Vamos ter um novo desafio pela frente e precisamos estar unidos e bem organizados\u201d, destacou o dirigente.<\/p>\n<p><em>Fonte: Contraf-CUT, com SPBanc\u00e1rios<\/em><\/p>\n","protected":false},"excerpt":{"rendered":"<p>Os trabalhadores de cooperativas de cr\u00e9dito aprovaram em assembleia realizada nesta quinta-feira (10) a proposta feita pela entidade patronal de reajuste de 5,99% para sal\u00e1rios e demais verbas como vales refei\u00e7\u00e3o, alimenta\u00e7\u00e3o, 13\u00aa cesta e aux\u00edlios (veja valores no quadro abaixo). \u201cUm dos melhores reajustes do semestre foi conquistado pelas cooperativas\u201d, avalia Jair Alves, diretor [&hellip;]<\/p>\n","protected":false},"author":2,"featured_media":2816,"comment_status":"","ping_status":"","sticky":false,"template":"","format":"standard","meta":{"footnotes":""},"categories":[3],"tags":[],"class_list":["post-2817","post","type-post","status-publish","format-standard","has-post-thumbnail","hentry","category-noticias"],"_links":{"self":[{"href":"https:\/\/hostnetart.com.br\/baixada\/wp-json\/wp\/v2\/posts\/2817","targetHints":{"allow":["GET"]}}],"collection":[{"href":"https:\/\/hostnetart.com.br\/baixada\/wp-json\/wp\/v2\/posts"}],"about":[{"href":"https:\/\/hostnetart.com.br\/baixada\/wp-json\/wp\/v2\/types\/post"}],"author":[{"embeddable":true,"href":"https:\/\/hostnetart.com.br\/baixada\/wp-json\/wp\/v2\/users\/2"}],"replies":[{"embeddable":true,"href":"https:\/\/hostnetart.com.br\/baixada\/wp-json\/wp\/v2\/comments?post=2817"}],"version-history":[{"count":0,"href":"https:\/\/hostnetart.com.br\/baixada\/wp-json\/wp\/v2\/posts\/2817\/revisions"}],"wp:featuredmedia":[{"embeddable":true,"href":"https:\/\/hostnetart.com.br\/baixada\/wp-json\/wp\/v2\/media\/2816"}],"wp:attachment":[{"href":"https:\/\/hostnetart.com.br\/baixada\/wp-json\/wp\/v2\/media?parent=2817"}],"wp:term":[{"taxonomy":"category","embeddable":true,"href":"https:\/\/hostnetart.com.br\/baixada\/wp-json\/wp\/v2\/categories?post=2817"},{"taxonomy":"post_tag","embeddable":true,"href":"https:\/\/hostnetart.com.br\/baixada\/wp-json\/wp\/v2\/tags?post=2817"}],"curies":[{"name":"wp","href":"https:\/\/api.w.org\/{rel}","templated":true}]}}