{"id":2815,"date":"2017-08-11T19:17:23","date_gmt":"2017-08-11T22:17:23","guid":{"rendered":"https:\/\/hostnetart.com.br\/baixada\/coletivo-nacional-de-juventude-da-contraf-cut-se-reune-no-dia-24-de-agosto\/"},"modified":"2017-08-11T19:17:23","modified_gmt":"2017-08-11T22:17:23","slug":"coletivo-nacional-de-juventude-da-contraf-cut-se-reune-no-dia-24-de-agosto","status":"publish","type":"post","link":"https:\/\/hostnetart.com.br\/baixada\/coletivo-nacional-de-juventude-da-contraf-cut-se-reune-no-dia-24-de-agosto\/","title":{"rendered":"Coletivo Nacional de Juventude da Contraf-CUT se re\u00fane no dia 24 de agosto"},"content":{"rendered":"<p><span style=\"text-decoration: underline;\"><em>Jovens realizam ato a favor de Diretas J\u00e1 e contra as Reformas<\/em><\/span><\/p>\n<p>O Coletivo de Juventude da Confedera\u00e7\u00e3o Nacional dos Trablhadores do Ramo Financeiro (Contraf-CUT) se reunir\u00e1 no dia 24 de agosto, a partir das 10h, na sede da entidade, em S\u00e3o Paulo, para discutir a\u00e7\u00f5es para fortalecer e unir os jovens contra as propostas do governo Temer.<\/p>\n<p>No mesmo dia, \u00e0s 17h30, acontecer\u00e1 o Grito da Juventude pelas Diretas J\u00e1 e contra as Reformas. A concentra\u00e7\u00e3o para o ato ser\u00e1 em frente ao Sindicato dos Banc\u00e1rios de S\u00e3o Paulo (rua S\u00e3o Bento, 413, Centro, S\u00e3o Paulo).<\/p>\n","protected":false},"excerpt":{"rendered":"<p>Jovens realizam ato a favor de Diretas J\u00e1 e contra as Reformas O Coletivo de Juventude da Confedera\u00e7\u00e3o Nacional dos Trablhadores do Ramo Financeiro (Contraf-CUT) se reunir\u00e1 no dia 24 de agosto, a partir das 10h, na sede da entidade, em S\u00e3o Paulo, para discutir a\u00e7\u00f5es para fortalecer e unir os jovens contra as propostas [&hellip;]<\/p>\n","protected":false},"author":2,"featured_media":2814,"comment_status":"","ping_status":"","sticky":false,"template":"","format":"standard","meta":{"footnotes":""},"categories":[3],"tags":[],"class_list":["post-2815","post","type-post","status-publish","format-standard","has-post-thumbnail","hentry","category-noticias"],"_links":{"self":[{"href":"https:\/\/hostnetart.com.br\/baixada\/wp-json\/wp\/v2\/posts\/2815","targetHints":{"allow":["GET"]}}],"collection":[{"href":"https:\/\/hostnetart.com.br\/baixada\/wp-json\/wp\/v2\/posts"}],"about":[{"href":"https:\/\/hostnetart.com.br\/baixada\/wp-json\/wp\/v2\/types\/post"}],"author":[{"embeddable":true,"href":"https:\/\/hostnetart.com.br\/baixada\/wp-json\/wp\/v2\/users\/2"}],"replies":[{"embeddable":true,"href":"https:\/\/hostnetart.com.br\/baixada\/wp-json\/wp\/v2\/comments?post=2815"}],"version-history":[{"count":0,"href":"https:\/\/hostnetart.com.br\/baixada\/wp-json\/wp\/v2\/posts\/2815\/revisions"}],"wp:featuredmedia":[{"embeddable":true,"href":"https:\/\/hostnetart.com.br\/baixada\/wp-json\/wp\/v2\/media\/2814"}],"wp:attachment":[{"href":"https:\/\/hostnetart.com.br\/baixada\/wp-json\/wp\/v2\/media?parent=2815"}],"wp:term":[{"taxonomy":"category","embeddable":true,"href":"https:\/\/hostnetart.com.br\/baixada\/wp-json\/wp\/v2\/categories?post=2815"},{"taxonomy":"post_tag","embeddable":true,"href":"https:\/\/hostnetart.com.br\/baixada\/wp-json\/wp\/v2\/tags?post=2815"}],"curies":[{"name":"wp","href":"https:\/\/api.w.org\/{rel}","templated":true}]}}