{"id":2813,"date":"2017-08-10T18:13:52","date_gmt":"2017-08-10T21:13:52","guid":{"rendered":"https:\/\/hostnetart.com.br\/baixada\/sindicato-dos-bancarios-da-baixada-fluminense-presente-em-seminario-sobre-direitos-lgbt\/"},"modified":"2017-08-10T18:13:52","modified_gmt":"2017-08-10T21:13:52","slug":"sindicato-dos-bancarios-da-baixada-fluminense-presente-em-seminario-sobre-direitos-lgbt","status":"publish","type":"post","link":"https:\/\/hostnetart.com.br\/baixada\/sindicato-dos-bancarios-da-baixada-fluminense-presente-em-seminario-sobre-direitos-lgbt\/","title":{"rendered":"Sindicato dos Banc\u00e1rios da Baixada Fluminense presente em Semin\u00e1rio sobre Direitos LGBT"},"content":{"rendered":"<p>O Sindicato dos Banc\u00e1rios da Baixada Fluminense, na figura das Diretoras Renata Soeiro e Elizabeth Paradela, se fez presente ao evento promovido pela Secretaria de Pol\u00edticas Sociais da Fetraf-RJ\/ES, em parceria com o escrit\u00f3rio Crivelli Advogados Associados, ao Semin\u00e1rio<strong><em> Direitos LGBT e conjuntura<\/em><\/strong>. O evento ocorre dia 10 de agosto, na sede da Fetraf-RJ\/ES.<\/p>\n<p>O Semin\u00e1rio sobre direitos LGBT recebe tamb\u00e9m reuni\u00e3o da CGROS.<\/p>\n","protected":false},"excerpt":{"rendered":"<p>O Sindicato dos Banc\u00e1rios da Baixada Fluminense, na figura das Diretoras Renata Soeiro e Elizabeth Paradela, se fez presente ao evento promovido pela Secretaria de Pol\u00edticas Sociais da Fetraf-RJ\/ES, em parceria com o escrit\u00f3rio Crivelli Advogados Associados, ao Semin\u00e1rio Direitos LGBT e conjuntura. O evento ocorre dia 10 de agosto, na sede da Fetraf-RJ\/ES. O [&hellip;]<\/p>\n","protected":false},"author":2,"featured_media":2812,"comment_status":"","ping_status":"","sticky":false,"template":"","format":"standard","meta":{"footnotes":""},"categories":[3],"tags":[],"class_list":["post-2813","post","type-post","status-publish","format-standard","has-post-thumbnail","hentry","category-noticias"],"_links":{"self":[{"href":"https:\/\/hostnetart.com.br\/baixada\/wp-json\/wp\/v2\/posts\/2813","targetHints":{"allow":["GET"]}}],"collection":[{"href":"https:\/\/hostnetart.com.br\/baixada\/wp-json\/wp\/v2\/posts"}],"about":[{"href":"https:\/\/hostnetart.com.br\/baixada\/wp-json\/wp\/v2\/types\/post"}],"author":[{"embeddable":true,"href":"https:\/\/hostnetart.com.br\/baixada\/wp-json\/wp\/v2\/users\/2"}],"replies":[{"embeddable":true,"href":"https:\/\/hostnetart.com.br\/baixada\/wp-json\/wp\/v2\/comments?post=2813"}],"version-history":[{"count":0,"href":"https:\/\/hostnetart.com.br\/baixada\/wp-json\/wp\/v2\/posts\/2813\/revisions"}],"wp:featuredmedia":[{"embeddable":true,"href":"https:\/\/hostnetart.com.br\/baixada\/wp-json\/wp\/v2\/media\/2812"}],"wp:attachment":[{"href":"https:\/\/hostnetart.com.br\/baixada\/wp-json\/wp\/v2\/media?parent=2813"}],"wp:term":[{"taxonomy":"category","embeddable":true,"href":"https:\/\/hostnetart.com.br\/baixada\/wp-json\/wp\/v2\/categories?post=2813"},{"taxonomy":"post_tag","embeddable":true,"href":"https:\/\/hostnetart.com.br\/baixada\/wp-json\/wp\/v2\/tags?post=2813"}],"curies":[{"name":"wp","href":"https:\/\/api.w.org\/{rel}","templated":true}]}}