{"id":2809,"date":"2017-08-10T18:10:22","date_gmt":"2017-08-10T21:10:22","guid":{"rendered":"https:\/\/hostnetart.com.br\/baixada\/efeitos-da-reforma-trabalhista-extrapolam-mundo-do-trabalho\/"},"modified":"2017-08-10T18:10:22","modified_gmt":"2017-08-10T21:10:22","slug":"efeitos-da-reforma-trabalhista-extrapolam-mundo-do-trabalho","status":"publish","type":"post","link":"https:\/\/hostnetart.com.br\/baixada\/efeitos-da-reforma-trabalhista-extrapolam-mundo-do-trabalho\/","title":{"rendered":"Efeitos da reforma trabalhista extrapolam mundo do trabalho"},"content":{"rendered":"<p>Em entrevista concedida ao portal Sul21, o assessor jur\u00eddico nacional da Central \u00danica dos Trabalhadores (CUT), Jos\u00e9 Eymard Logu\u00e9rcio, disse que o modelo de sociedade projetado pela nova legisla\u00e7\u00e3o trabalhista pode jogar o Brasil de volta ao s\u00e9culo XIX, com rela\u00e7\u00f5es de trabalho extremamente precarizadas e um mercado onde poucos ganham muito e a grande massa da popula\u00e7\u00e3o se empobrece cada vez mais. Para o advogado, esse ser\u00e1 o cen\u00e1rio da conjuntura no Brasil ap\u00f3s a implementa\u00e7\u00e3o da nova Lei. Para ele, os efeitos dessa mudan\u00e7a, ir\u00e3o muito al\u00e9m da esfera das rela\u00e7\u00f5es de trabalho.<\/p>\n<p>Leia a entrevista na \u00edntegra no site do Sul21<\/p>\n<p>Fonte: Contraf-CUT<\/p>\n","protected":false},"excerpt":{"rendered":"<p>Em entrevista concedida ao portal Sul21, o assessor jur\u00eddico nacional da Central \u00danica dos Trabalhadores (CUT), Jos\u00e9 Eymard Logu\u00e9rcio, disse que o modelo de sociedade projetado pela nova legisla\u00e7\u00e3o trabalhista pode jogar o Brasil de volta ao s\u00e9culo XIX, com rela\u00e7\u00f5es de trabalho extremamente precarizadas e um mercado onde poucos ganham muito e a grande [&hellip;]<\/p>\n","protected":false},"author":2,"featured_media":2808,"comment_status":"","ping_status":"","sticky":false,"template":"","format":"standard","meta":{"footnotes":""},"categories":[3],"tags":[],"class_list":["post-2809","post","type-post","status-publish","format-standard","has-post-thumbnail","hentry","category-noticias"],"_links":{"self":[{"href":"https:\/\/hostnetart.com.br\/baixada\/wp-json\/wp\/v2\/posts\/2809","targetHints":{"allow":["GET"]}}],"collection":[{"href":"https:\/\/hostnetart.com.br\/baixada\/wp-json\/wp\/v2\/posts"}],"about":[{"href":"https:\/\/hostnetart.com.br\/baixada\/wp-json\/wp\/v2\/types\/post"}],"author":[{"embeddable":true,"href":"https:\/\/hostnetart.com.br\/baixada\/wp-json\/wp\/v2\/users\/2"}],"replies":[{"embeddable":true,"href":"https:\/\/hostnetart.com.br\/baixada\/wp-json\/wp\/v2\/comments?post=2809"}],"version-history":[{"count":0,"href":"https:\/\/hostnetart.com.br\/baixada\/wp-json\/wp\/v2\/posts\/2809\/revisions"}],"wp:featuredmedia":[{"embeddable":true,"href":"https:\/\/hostnetart.com.br\/baixada\/wp-json\/wp\/v2\/media\/2808"}],"wp:attachment":[{"href":"https:\/\/hostnetart.com.br\/baixada\/wp-json\/wp\/v2\/media?parent=2809"}],"wp:term":[{"taxonomy":"category","embeddable":true,"href":"https:\/\/hostnetart.com.br\/baixada\/wp-json\/wp\/v2\/categories?post=2809"},{"taxonomy":"post_tag","embeddable":true,"href":"https:\/\/hostnetart.com.br\/baixada\/wp-json\/wp\/v2\/tags?post=2809"}],"curies":[{"name":"wp","href":"https:\/\/api.w.org\/{rel}","templated":true}]}}