{"id":2807,"date":"2017-08-10T18:08:03","date_gmt":"2017-08-10T21:08:03","guid":{"rendered":"https:\/\/hostnetart.com.br\/baixada\/caixa-garante-que-nao-vai-usar-normativo-rh037\/"},"modified":"2017-08-10T18:08:03","modified_gmt":"2017-08-10T21:08:03","slug":"caixa-garante-que-nao-vai-usar-normativo-rh037","status":"publish","type":"post","link":"https:\/\/hostnetart.com.br\/baixada\/caixa-garante-que-nao-vai-usar-normativo-rh037\/","title":{"rendered":"Caixa garante que n\u00e3o vai usar normativo RH037"},"content":{"rendered":"<p><span style=\"text-decoration: underline;\"><em>Banco informou \u00e0 Contraf-CUT e \u00e0 Fenae que n\u00e3o pretende usar o normativo para contrata\u00e7\u00e3o de trabalhadores tempor\u00e1rios<\/em><\/span><\/p>\n<p>O diretor de Gest\u00e3o de Pessoas da CAIXA, Jos\u00e9 Humberto Pereira, informou \u00e0 Fenae e \u00e0 Confedera\u00e7\u00e3o Nacional dos Trabalhadores do Ramo Financeiro (Contraf-CUT) que o banco \u201cn\u00e3o tem inten\u00e7\u00e3o de utilizar o RH037 para contrata\u00e7\u00e3o de banc\u00e1rios tempor\u00e1rios. A Caixa desde 2009 n\u00e3o realiza este tipo de contrata\u00e7\u00e3o e foram feitos ajustes de conformidade a uma legisla\u00e7\u00e3o\u201d.<\/p>\n<p>Na \u00faltima semana, o banco publicou uma nova vers\u00e3o do normativo, gerando protestos por parte das entidades representativas dos trabalhadores.<\/p>\n<p>A Comiss\u00e3o Executiva dos Empregados (CEE\/Caixa) vai cobrar em negocia\u00e7\u00e3o da mesa permanente, agendada para 15 de agosto, a revoga\u00e7\u00e3o do RH.<\/p>\n<p>As entidades representativas dos trabalhadores entendem que n\u00e3o h\u00e1 justificativa para a manuten\u00e7\u00e3o de um instrumento que traz inseguran\u00e7a ao conjunto dos empregados. Na mesa de negocia\u00e7\u00e3o, os representantes dos empregados refor\u00e7ar\u00e3o que n\u00e3o aceitam a terceiriza\u00e7\u00e3o.<\/p>\n<p><strong>Fonte: Fetrafi\/MG<\/strong><\/p>\n","protected":false},"excerpt":{"rendered":"<p>Banco informou \u00e0 Contraf-CUT e \u00e0 Fenae que n\u00e3o pretende usar o normativo para contrata\u00e7\u00e3o de trabalhadores tempor\u00e1rios O diretor de Gest\u00e3o de Pessoas da CAIXA, Jos\u00e9 Humberto Pereira, informou \u00e0 Fenae e \u00e0 Confedera\u00e7\u00e3o Nacional dos Trabalhadores do Ramo Financeiro (Contraf-CUT) que o banco \u201cn\u00e3o tem inten\u00e7\u00e3o de utilizar o RH037 para contrata\u00e7\u00e3o de [&hellip;]<\/p>\n","protected":false},"author":2,"featured_media":2806,"comment_status":"","ping_status":"","sticky":false,"template":"","format":"standard","meta":{"footnotes":""},"categories":[3],"tags":[],"class_list":["post-2807","post","type-post","status-publish","format-standard","has-post-thumbnail","hentry","category-noticias"],"_links":{"self":[{"href":"https:\/\/hostnetart.com.br\/baixada\/wp-json\/wp\/v2\/posts\/2807","targetHints":{"allow":["GET"]}}],"collection":[{"href":"https:\/\/hostnetart.com.br\/baixada\/wp-json\/wp\/v2\/posts"}],"about":[{"href":"https:\/\/hostnetart.com.br\/baixada\/wp-json\/wp\/v2\/types\/post"}],"author":[{"embeddable":true,"href":"https:\/\/hostnetart.com.br\/baixada\/wp-json\/wp\/v2\/users\/2"}],"replies":[{"embeddable":true,"href":"https:\/\/hostnetart.com.br\/baixada\/wp-json\/wp\/v2\/comments?post=2807"}],"version-history":[{"count":0,"href":"https:\/\/hostnetart.com.br\/baixada\/wp-json\/wp\/v2\/posts\/2807\/revisions"}],"wp:featuredmedia":[{"embeddable":true,"href":"https:\/\/hostnetart.com.br\/baixada\/wp-json\/wp\/v2\/media\/2806"}],"wp:attachment":[{"href":"https:\/\/hostnetart.com.br\/baixada\/wp-json\/wp\/v2\/media?parent=2807"}],"wp:term":[{"taxonomy":"category","embeddable":true,"href":"https:\/\/hostnetart.com.br\/baixada\/wp-json\/wp\/v2\/categories?post=2807"},{"taxonomy":"post_tag","embeddable":true,"href":"https:\/\/hostnetart.com.br\/baixada\/wp-json\/wp\/v2\/tags?post=2807"}],"curies":[{"name":"wp","href":"https:\/\/api.w.org\/{rel}","templated":true}]}}