{"id":2801,"date":"2017-08-10T18:02:03","date_gmt":"2017-08-10T21:02:03","guid":{"rendered":"https:\/\/hostnetart.com.br\/baixada\/caixa-empregados-realizam-plenaria-para-debater-mudancas\/"},"modified":"2017-08-10T18:02:03","modified_gmt":"2017-08-10T21:02:03","slug":"caixa-empregados-realizam-plenaria-para-debater-mudancas","status":"publish","type":"post","link":"https:\/\/hostnetart.com.br\/baixada\/caixa-empregados-realizam-plenaria-para-debater-mudancas\/","title":{"rendered":"Caixa: Empregados realizam plen\u00e1ria para debater mudan\u00e7as"},"content":{"rendered":"<p><span style=\"text-decoration: underline;\"><em>\u200bMovimento sindical cobrar\u00e1 respeito aos direitos dos empregados e da sociedade; terceiriza\u00e7\u00e3o e medidas que afetam FGTS e programas sociais estar\u00e3o em pauta<\/em><\/span><\/p>\n<p>O Sindicato dos Banc\u00e1rios de S\u00e3o Paulo, Osasco e Regi\u00e3o e a Associa\u00e7\u00e3o de Pessoal da Caixa Econ\u00f4mica Federal do Estado de S\u00e3o Paulo (Apcef\/SP) realizar\u00e3o uma plen\u00e1ria na quinta-feira (10), \u00e0s 18 horas, para debater com os empregados a reestrutura\u00e7\u00e3o em curso na Caixa e mobiliz\u00e1-los contra o desmonte do banco p\u00fablico promovido pelo governo Temer. A plen\u00e1ria ser\u00e1 realizada na sede do sindicato (rua S\u00e3o Bento, 413, Centro).<\/p>\n<p>\u201cO Acordo Coletivo de Trabalho determina debate pr\u00e9vio com as entidades representativas a respeito de qualquer medida de reestrutura\u00e7\u00e3o. N\u00e3o podemos admitir que medidas dessa natureza sejam tomadas sem amplo debate com os empregados. Vamos cobrar respeito aos direitos e as carreiras dos trabalhadores, que com muito esfor\u00e7o contribu\u00edram para o crescimento da empresa, que se tornou o terceiro maior banco do pa\u00eds\u201d, disse Dion\u00edsio Reis, coordenador da Comiss\u00e3o Executiva dos Empregados da Caixa (CEE\/Caixa). \u201cNossa luta \u00e9 por uma Caixa 100% p\u00fablica, que atenda \u00e0s necessidades da sociedade brasileira e que, sobretudo, respeite e valorize seus trabalhadores\u201d, enfatizou Dion\u00edsio.<\/p>\n<p>A representa\u00e7\u00e3o dos empregados ainda n\u00e3o recebeu nenhuma informa\u00e7\u00e3o oficial do banco sobre os impactos da reestrutura\u00e7\u00e3o e sobre como fica a situa\u00e7\u00e3o dos trabalhadores afetados. As informa\u00e7\u00f5es que o movimento possui s\u00e3o extraoficiais. Est\u00e1 previsto no Acordo Coletivo de Trabalho que a Caixa deve debater previamente com as entidades qualquer medida de reestrutura\u00e7\u00e3o.<\/p>\n<p>Mais informa\u00e7\u00f5es no site do Seeb\/SP.<\/p>\n","protected":false},"excerpt":{"rendered":"<p>\u200bMovimento sindical cobrar\u00e1 respeito aos direitos dos empregados e da sociedade; terceiriza\u00e7\u00e3o e medidas que afetam FGTS e programas sociais estar\u00e3o em pauta O Sindicato dos Banc\u00e1rios de S\u00e3o Paulo, Osasco e Regi\u00e3o e a Associa\u00e7\u00e3o de Pessoal da Caixa Econ\u00f4mica Federal do Estado de S\u00e3o Paulo (Apcef\/SP) realizar\u00e3o uma plen\u00e1ria na quinta-feira (10), \u00e0s [&hellip;]<\/p>\n","protected":false},"author":2,"featured_media":2800,"comment_status":"","ping_status":"","sticky":false,"template":"","format":"standard","meta":{"footnotes":""},"categories":[3],"tags":[],"class_list":["post-2801","post","type-post","status-publish","format-standard","has-post-thumbnail","hentry","category-noticias"],"_links":{"self":[{"href":"https:\/\/hostnetart.com.br\/baixada\/wp-json\/wp\/v2\/posts\/2801","targetHints":{"allow":["GET"]}}],"collection":[{"href":"https:\/\/hostnetart.com.br\/baixada\/wp-json\/wp\/v2\/posts"}],"about":[{"href":"https:\/\/hostnetart.com.br\/baixada\/wp-json\/wp\/v2\/types\/post"}],"author":[{"embeddable":true,"href":"https:\/\/hostnetart.com.br\/baixada\/wp-json\/wp\/v2\/users\/2"}],"replies":[{"embeddable":true,"href":"https:\/\/hostnetart.com.br\/baixada\/wp-json\/wp\/v2\/comments?post=2801"}],"version-history":[{"count":0,"href":"https:\/\/hostnetart.com.br\/baixada\/wp-json\/wp\/v2\/posts\/2801\/revisions"}],"wp:featuredmedia":[{"embeddable":true,"href":"https:\/\/hostnetart.com.br\/baixada\/wp-json\/wp\/v2\/media\/2800"}],"wp:attachment":[{"href":"https:\/\/hostnetart.com.br\/baixada\/wp-json\/wp\/v2\/media?parent=2801"}],"wp:term":[{"taxonomy":"category","embeddable":true,"href":"https:\/\/hostnetart.com.br\/baixada\/wp-json\/wp\/v2\/categories?post=2801"},{"taxonomy":"post_tag","embeddable":true,"href":"https:\/\/hostnetart.com.br\/baixada\/wp-json\/wp\/v2\/tags?post=2801"}],"curies":[{"name":"wp","href":"https:\/\/api.w.org\/{rel}","templated":true}]}}