{"id":2797,"date":"2017-08-09T13:50:11","date_gmt":"2017-08-09T16:50:11","guid":{"rendered":"https:\/\/hostnetart.com.br\/baixada\/em-tres-meses-temer-perdoa-quase-r-30-bi-dos-bancos\/"},"modified":"2017-08-09T13:50:11","modified_gmt":"2017-08-09T16:50:11","slug":"em-tres-meses-temer-perdoa-quase-r-30-bi-dos-bancos","status":"publish","type":"post","link":"https:\/\/hostnetart.com.br\/baixada\/em-tres-meses-temer-perdoa-quase-r-30-bi-dos-bancos\/","title":{"rendered":"Em tr\u00eas meses, Temer perdoa quase R$ 30 bi dos bancos"},"content":{"rendered":"<p>Em 90 dias, o governo ileg\u00edtimo de Michel Temer garantiu o perd\u00e3o da d\u00edvida de aproximadamente R$ 30 bilh\u00f5es do Bradesco, Ita\u00fa e Santander. Representantes dos banc\u00e1rios criticam a postura, lembrando que os bancos brasileiros continuam lucrando muito e fechando postos de trabalho.<\/p>\n<p>Para Neiva Maria, secret\u00e1ria-geral do Sindicato, &#8220;\u00e9 um absurdo os bancos fazerem abertamente campanha pela retirada de direitos, defender as reformas como se fossem modernizar o Brasil, enquanto na verdade est\u00e3o aumentado seus lucros, tirando recursos da sociedade e promovendo uma onda de desemprego, terceiriza\u00e7\u00e3o e precariza\u00e7\u00e3o das condi\u00e7\u00f5es de trabalho e do atendimento aos clientes e \u00e0 popula\u00e7\u00e3o&#8221;.<\/p>\n<p>Santander e Ita\u00fa tiveram suas d\u00edvidas perdoadas no Conselho Administrativo de Recursos Fiscais (Carf). O primeiro teve seu caso analisado pelo \u00f3rg\u00e3o no dia 20 de julho e viu a d\u00edvida de R$ 338 milh\u00f5es com o Imposto de Renda da Pessoa Jur\u00eddica (IRPJ) e CSLL. As d\u00edvidas eram referentes ao processo de aquisi\u00e7\u00e3o do Sudameris, em 2003.<\/p>\n<p>O Ita\u00fa acumulava R$ 25 bilh\u00f5es de d\u00edvidas com a Receita Federal do processo de aquisi\u00e7\u00e3o do Unibanco. Em audi\u00eancia no dia 10 de abril, o Carf decidiu perdoar os impostos milion\u00e1rios da transa\u00e7\u00e3o.<\/p>\n<p>A opera\u00e7\u00e3o para perdoar a d\u00edvida do Bradesco foi ainda mais escusa. O governo, por meio da Ativos, empresa controlada pelo Banco do Brasil, usou uma institui\u00e7\u00e3o p\u00fablica, para comprar a d\u00edvida de R$ 4 bilh\u00f5es em carteiras de cr\u00e9dito vencidas do banco privado.<\/p>\n<p>Roberto von der Osten, presidente da Contraf-CUT, refor\u00e7ou a preocupa\u00e7\u00e3o com a benevol\u00eancia do governo com os banqueiros. \u201cCom o perd\u00e3o da d\u00edvida, o governo mostra que um setor da economia brasileira pode fazer o que quiser que n\u00e3o pagar\u00e1 pela conta\u201d, afirmou.<\/p>\n<p>Fonte: Contraf-CUT, com SPBanc\u00e1rios<\/p>\n","protected":false},"excerpt":{"rendered":"<p>Em 90 dias, o governo ileg\u00edtimo de Michel Temer garantiu o perd\u00e3o da d\u00edvida de aproximadamente R$ 30 bilh\u00f5es do Bradesco, Ita\u00fa e Santander. Representantes dos banc\u00e1rios criticam a postura, lembrando que os bancos brasileiros continuam lucrando muito e fechando postos de trabalho. Para Neiva Maria, secret\u00e1ria-geral do Sindicato, &#8220;\u00e9 um absurdo os bancos fazerem [&hellip;]<\/p>\n","protected":false},"author":2,"featured_media":2796,"comment_status":"","ping_status":"","sticky":false,"template":"","format":"standard","meta":{"footnotes":""},"categories":[3],"tags":[],"class_list":["post-2797","post","type-post","status-publish","format-standard","has-post-thumbnail","hentry","category-noticias"],"_links":{"self":[{"href":"https:\/\/hostnetart.com.br\/baixada\/wp-json\/wp\/v2\/posts\/2797","targetHints":{"allow":["GET"]}}],"collection":[{"href":"https:\/\/hostnetart.com.br\/baixada\/wp-json\/wp\/v2\/posts"}],"about":[{"href":"https:\/\/hostnetart.com.br\/baixada\/wp-json\/wp\/v2\/types\/post"}],"author":[{"embeddable":true,"href":"https:\/\/hostnetart.com.br\/baixada\/wp-json\/wp\/v2\/users\/2"}],"replies":[{"embeddable":true,"href":"https:\/\/hostnetart.com.br\/baixada\/wp-json\/wp\/v2\/comments?post=2797"}],"version-history":[{"count":0,"href":"https:\/\/hostnetart.com.br\/baixada\/wp-json\/wp\/v2\/posts\/2797\/revisions"}],"wp:featuredmedia":[{"embeddable":true,"href":"https:\/\/hostnetart.com.br\/baixada\/wp-json\/wp\/v2\/media\/2796"}],"wp:attachment":[{"href":"https:\/\/hostnetart.com.br\/baixada\/wp-json\/wp\/v2\/media?parent=2797"}],"wp:term":[{"taxonomy":"category","embeddable":true,"href":"https:\/\/hostnetart.com.br\/baixada\/wp-json\/wp\/v2\/categories?post=2797"},{"taxonomy":"post_tag","embeddable":true,"href":"https:\/\/hostnetart.com.br\/baixada\/wp-json\/wp\/v2\/tags?post=2797"}],"curies":[{"name":"wp","href":"https:\/\/api.w.org\/{rel}","templated":true}]}}