{"id":2795,"date":"2017-08-09T13:48:51","date_gmt":"2017-08-09T16:48:51","guid":{"rendered":"https:\/\/hostnetart.com.br\/baixada\/comite-da-rede-uni-mulheres-brasil-debate-estrategias-para-o-proximo-periodo\/"},"modified":"2017-08-09T13:48:51","modified_gmt":"2017-08-09T16:48:51","slug":"comite-da-rede-uni-mulheres-brasil-debate-estrategias-para-o-proximo-periodo","status":"publish","type":"post","link":"https:\/\/hostnetart.com.br\/baixada\/comite-da-rede-uni-mulheres-brasil-debate-estrategias-para-o-proximo-periodo\/","title":{"rendered":"Comit\u00ea da Rede Uni Mulheres Brasil debate estrat\u00e9gias para o pr\u00f3ximo per\u00edodo"},"content":{"rendered":"<p>O Comit\u00ea de Mulheres da Rede Uni Brasil se reuniu, nesta ter\u00e7a-feira (8), para debater estrat\u00e9gias para o pr\u00f3ximo per\u00edodo. A reuni\u00e3o aconteceu na sede da Contraf-CUT, em S\u00e3o Paulo, e debateu os impactos da Reforma Trabalhista, que j\u00e1 afetam os trabalhadores, mas que s\u00e3o ainda maiores na vida das mulheres.<\/p>\n<p>A economista do Dieese, Regina Camargos, apresentou alguns dados sobre a Reforma Trabalhista e mostrou como ela precariza as condi\u00e7\u00f5es de trabalho, principalmente para as mulheres. \u201cOs cortes nos empregos p\u00fablicos, por exemplo, prejudicam sobremaneira as mulheres, empurrando-as para empregos prec\u00e1rios com menor garantia de renda, al\u00e9m de maiores dificuldades de concilia\u00e7\u00e3o entre trabalho e fam\u00edlia\u201d, explica.<\/p>\n<p>\u201cA reforma n\u00e3o responde \u00e0s expectativas de que as restri\u00e7\u00f5es do mercado de trabalho diminuam e as economias comecem a se recuperar. Pelo contr\u00e1rio, a reforma produz efeitos extremamente adversos que leva, entre outras coisas, \u00e0 precariedade e \u00e0 pauperiza\u00e7\u00e3o da popula\u00e7\u00e3o trabalhadora\u201d, completa Regina.<\/p>\n<p>Durante o encontro, foi feita tamb\u00e9m uma avalia\u00e7\u00e3o sobre a 7\u00aa Oficina da Rede Mulheres UNI Brasil, na qual foi abordado o tema sobre automatiza\u00e7\u00e3o do trabalho na vida das trabalhadoras. \u201cA avalia\u00e7\u00e3o foi positiva pois os temas tratados afetar\u00e3o muito o futuro das mulheres no mercado de trabalho\u201d, explica Elaine Cutis, Secret\u00e1ria da Mulher da Contraf-CUT.<\/p>\n<p>De acordo com Elaine, o debate desses temas \u00e9 muito importante para o momento. \u201cNa conjuntura que estamos vivendo \u00e9 fundamental refor\u00e7armos a nossa for\u00e7a de luta e resist\u00eancia\u201d, afirma.<\/p>\n<p>As participantes organizaram a agenda de atividades para o pr\u00f3ximo per\u00edodo e se preparam para o Congresso Mundial em Liverpool, na Inglaterra, previsto para o ano que vem.<\/p>\n<p>\u00a0<\/p>\n<p>Fonte: Contraf-CUT<\/p>\n","protected":false},"excerpt":{"rendered":"<p>O Comit\u00ea de Mulheres da Rede Uni Brasil se reuniu, nesta ter\u00e7a-feira (8), para debater estrat\u00e9gias para o pr\u00f3ximo per\u00edodo. A reuni\u00e3o aconteceu na sede da Contraf-CUT, em S\u00e3o Paulo, e debateu os impactos da Reforma Trabalhista, que j\u00e1 afetam os trabalhadores, mas que s\u00e3o ainda maiores na vida das mulheres. A economista do Dieese, [&hellip;]<\/p>\n","protected":false},"author":2,"featured_media":2794,"comment_status":"","ping_status":"","sticky":false,"template":"","format":"standard","meta":{"footnotes":""},"categories":[3],"tags":[],"class_list":["post-2795","post","type-post","status-publish","format-standard","has-post-thumbnail","hentry","category-noticias"],"_links":{"self":[{"href":"https:\/\/hostnetart.com.br\/baixada\/wp-json\/wp\/v2\/posts\/2795","targetHints":{"allow":["GET"]}}],"collection":[{"href":"https:\/\/hostnetart.com.br\/baixada\/wp-json\/wp\/v2\/posts"}],"about":[{"href":"https:\/\/hostnetart.com.br\/baixada\/wp-json\/wp\/v2\/types\/post"}],"author":[{"embeddable":true,"href":"https:\/\/hostnetart.com.br\/baixada\/wp-json\/wp\/v2\/users\/2"}],"replies":[{"embeddable":true,"href":"https:\/\/hostnetart.com.br\/baixada\/wp-json\/wp\/v2\/comments?post=2795"}],"version-history":[{"count":0,"href":"https:\/\/hostnetart.com.br\/baixada\/wp-json\/wp\/v2\/posts\/2795\/revisions"}],"wp:featuredmedia":[{"embeddable":true,"href":"https:\/\/hostnetart.com.br\/baixada\/wp-json\/wp\/v2\/media\/2794"}],"wp:attachment":[{"href":"https:\/\/hostnetart.com.br\/baixada\/wp-json\/wp\/v2\/media?parent=2795"}],"wp:term":[{"taxonomy":"category","embeddable":true,"href":"https:\/\/hostnetart.com.br\/baixada\/wp-json\/wp\/v2\/categories?post=2795"},{"taxonomy":"post_tag","embeddable":true,"href":"https:\/\/hostnetart.com.br\/baixada\/wp-json\/wp\/v2\/tags?post=2795"}],"curies":[{"name":"wp","href":"https:\/\/api.w.org\/{rel}","templated":true}]}}