{"id":2793,"date":"2017-08-09T13:46:26","date_gmt":"2017-08-09T16:46:26","guid":{"rendered":"https:\/\/hostnetart.com.br\/baixada\/comando-nacional-dos-bancarios-apresenta-a-fenaban-termo-de-compromisso-contra-maleficios-da-reforma-trabalhista\/"},"modified":"2017-08-09T13:46:26","modified_gmt":"2017-08-09T16:46:26","slug":"comando-nacional-dos-bancarios-apresenta-a-fenaban-termo-de-compromisso-contra-maleficios-da-reforma-trabalhista","status":"publish","type":"post","link":"https:\/\/hostnetart.com.br\/baixada\/comando-nacional-dos-bancarios-apresenta-a-fenaban-termo-de-compromisso-contra-maleficios-da-reforma-trabalhista\/","title":{"rendered":"Comando Nacional dos Banc\u00e1rios apresenta \u00e0 Fenaban termo de compromisso contra malef\u00edcios da reforma trabalhista"},"content":{"rendered":"<p>A reuni\u00e3o ainda deu continuidade \u00e0s negocia\u00e7\u00f5es sobre as cl\u00e1usulas 37, 62 e 65 da CCT 2016\/2018<\/p>\n<p>O Comando Nacional dos Banc\u00e1rios apresentou \u00e0 Federa\u00e7\u00e3o Nacional dos Bancos (Fenaban), na tarde desta ter\u00e7a-feira (8), uma proposta de Termo de Compromisso que proteja empregos, resguarde direitos hist\u00f3ricos e que delimite os atos nocivos que podem advir das referidas leis e de outras que ainda tramitam no Congresso Nacional.<\/p>\n<p>\u201cA reforma trabalhista unilateral e sem nenhum debate com os trabalhadores desqualificou nossos direitos e tratou as conquistas duramente acumuladas como privil\u00e9gios. \u00c9 necess\u00e1rio dizer que n\u00e3o concordamos com a preval\u00eancia do negociado sobre o legislado na perspectiva da redu\u00e7\u00e3o de direitos conforme desejam os mentores dessas reformas\u201d, afirmou Roberto von der Osten, presidente da Contraf-CUT e um dos coordenadores do Comando Nacional dos Banc\u00e1rios. \u201cA 19\u00aa Confer\u00eancia Nacional dos Banc\u00e1rios foi extremamente feliz em delimitar os rumos da categoria nesta negocia\u00e7\u00e3o\u201d, completou.<\/p>\n<p>O Comando Nacional ainda apresentou uma proposta de antecipa\u00e7\u00e3o dos calend\u00e1rios das mesas bipartites. \u201cEsta foi mais uma decis\u00e3o da 19\u00aa Confer\u00eancia Nacional dos Banc\u00e1rios. N\u00f3s queremos antecipar a resolu\u00e7\u00f5es dos pontos pendentes nessas mesas, dando assim, um poder maior para este importante instrumento de negocia\u00e7\u00e3o conquistados pelos banc\u00e1rios\u201d, explicou Roberto von der Osten.<\/p>\n<p>As comiss\u00f5es bipartites est\u00e3o marcadas para 5 de setembro, Sa\u00fade no Trabalho; 11 de setembro, Seguran\u00e7a Banc\u00e1ria; 18 de setembro, Igualdade de Oportunidades e acompanhamento da , Cl\u00e1usula de Preven\u00e7\u00e3o de Conflitos, 21 de setembro.<\/p>\n<p>Cl\u00e1usulas da CCT<\/p>\n<p>A reuni\u00e3o desta ter\u00e7a-feira foi marcada para dar continuidade \u00e0s negocia\u00e7\u00f5es sobre as cl\u00e1usulas 37 (monitoramento de resultados), 62 (cria\u00e7\u00e3o de centros de realoca\u00e7\u00e3o e requalifica\u00e7\u00e3o profissional) e 65 (adiantamento emergencial de sal\u00e1rios nos per\u00edodos transit\u00f3rios de afastamento por doen\u00e7a), que se estendem desde o final de 2016.<\/p>\n<p>Sobre a cl\u00e1usula 37, os banc\u00e1rios mant\u00eam a posi\u00e7\u00e3o contr\u00e1ria \u00e0 divulga\u00e7\u00e3o do \u201cranking individual de trabalhadores\u201d. \u201cA divulga\u00e7\u00e3o do ranking individual, expondo quem eram os melhores e quem eram os piores dos locais de trabalho, se transformou num instrumento de tortura, ass\u00e9dio e humilha\u00e7\u00e3o. Em bom momento conquistamos o seu fim. Os bancos querem agora rediscutir um modo de divulgar alguns melhores, mais j\u00e1 sabemos onde isso vai acabar. Nosso temor \u00e9 que alguns gestores se aproveitem desta e voltem a cobrar de forma agressiva que os trabalhadores sejam \u2018os melhores\u2019\u201d, esclareceu o presidente da Contraf-CUT.<\/p>\n<p>Diante da resist\u00eancia do Comando Nacional, a Fenaban prop\u00f4s uma nova negocia\u00e7\u00e3o para o dia 24 de agosto. \u201cA expectativa \u00e9 que consigamos definir os pontos relativos \u00e0 cl\u00e1usula 62\u201d, finalizou von der Osten.<\/p>\n<p><strong>Fonte: Contraf-CUT<\/strong><\/p>\n","protected":false},"excerpt":{"rendered":"<p>A reuni\u00e3o ainda deu continuidade \u00e0s negocia\u00e7\u00f5es sobre as cl\u00e1usulas 37, 62 e 65 da CCT 2016\/2018 O Comando Nacional dos Banc\u00e1rios apresentou \u00e0 Federa\u00e7\u00e3o Nacional dos Bancos (Fenaban), na tarde desta ter\u00e7a-feira (8), uma proposta de Termo de Compromisso que proteja empregos, resguarde direitos hist\u00f3ricos e que delimite os atos nocivos que podem advir [&hellip;]<\/p>\n","protected":false},"author":2,"featured_media":2792,"comment_status":"","ping_status":"","sticky":false,"template":"","format":"standard","meta":{"footnotes":""},"categories":[3],"tags":[],"class_list":["post-2793","post","type-post","status-publish","format-standard","has-post-thumbnail","hentry","category-noticias"],"_links":{"self":[{"href":"https:\/\/hostnetart.com.br\/baixada\/wp-json\/wp\/v2\/posts\/2793","targetHints":{"allow":["GET"]}}],"collection":[{"href":"https:\/\/hostnetart.com.br\/baixada\/wp-json\/wp\/v2\/posts"}],"about":[{"href":"https:\/\/hostnetart.com.br\/baixada\/wp-json\/wp\/v2\/types\/post"}],"author":[{"embeddable":true,"href":"https:\/\/hostnetart.com.br\/baixada\/wp-json\/wp\/v2\/users\/2"}],"replies":[{"embeddable":true,"href":"https:\/\/hostnetart.com.br\/baixada\/wp-json\/wp\/v2\/comments?post=2793"}],"version-history":[{"count":0,"href":"https:\/\/hostnetart.com.br\/baixada\/wp-json\/wp\/v2\/posts\/2793\/revisions"}],"wp:featuredmedia":[{"embeddable":true,"href":"https:\/\/hostnetart.com.br\/baixada\/wp-json\/wp\/v2\/media\/2792"}],"wp:attachment":[{"href":"https:\/\/hostnetart.com.br\/baixada\/wp-json\/wp\/v2\/media?parent=2793"}],"wp:term":[{"taxonomy":"category","embeddable":true,"href":"https:\/\/hostnetart.com.br\/baixada\/wp-json\/wp\/v2\/categories?post=2793"},{"taxonomy":"post_tag","embeddable":true,"href":"https:\/\/hostnetart.com.br\/baixada\/wp-json\/wp\/v2\/tags?post=2793"}],"curies":[{"name":"wp","href":"https:\/\/api.w.org\/{rel}","templated":true}]}}