{"id":2787,"date":"2017-08-08T16:10:02","date_gmt":"2017-08-08T19:10:02","guid":{"rendered":"https:\/\/hostnetart.com.br\/baixada\/criacao-da-lei-maria-da-penha-completa-11-anos\/"},"modified":"2017-08-08T16:10:02","modified_gmt":"2017-08-08T19:10:02","slug":"criacao-da-lei-maria-da-penha-completa-11-anos","status":"publish","type":"post","link":"https:\/\/hostnetart.com.br\/baixada\/criacao-da-lei-maria-da-penha-completa-11-anos\/","title":{"rendered":"Cria\u00e7\u00e3o da Lei Maria da Penha completa 11 anos"},"content":{"rendered":"<p>A Lei Maria da Penha completa, nesta segunda-feira (7), 11 anos de combate aos crimes de viol\u00eancia f\u00edsica, psicol\u00f3gica, sexual, patrimonial e moral contra as mulheres. Mesmo ap\u00f3s sua cria\u00e7\u00e3o, ainda \u00e9 preciso refor\u00e7ar a import\u00e2ncia de efetiva\u00e7\u00e3o da lei e do fortalecimento da rede de prote\u00e7\u00e3o as v\u00edtimas.<\/p>\n<p>A lei 11.340, conhecida como Lei Maria da Penha, foi sancionada em 7 de agosto de 2006, pelo governo Lu\u00eds In\u00e1cio Lula da Silva, com o objetivo de aumentar o rigor das puni\u00e7\u00f5es sobre crimes dom\u00e9sticos.\u00a0 Mas, mesmo assim, de acordo com Elaine, o Brasil est\u00e1 entre os pa\u00edses com maior n\u00famero de feminic\u00eddios. \u201cOs n\u00fameros aumentam cada vez mais e se n\u00e3o tem a cria\u00e7\u00e3o de pol\u00edticas p\u00fablicas fica cada vez mais dif\u00edcil de lutar. A cria\u00e7\u00e3o da lei j\u00e1 foi um avan\u00e7o, mas estamos lutando para que ela seja aplicada de forma eficaz&#8221;, explica Elaine Cutis, Secret\u00e1ria da Mulher da Contraf-CUT. <\/p>\n<p>Para lembrar a import\u00e2ncia deste dia, um grupo de mulheres se reuniu, em frente ao Minist\u00e9rio da Justi\u00e7a, para o 8\u00ba abra\u00e7o solid\u00e1rio \u00e0s mulheres v\u00edtimas de viol\u00eancia.\u00a0 Logo ap\u00f3s, as mulheres dos movimentos sindicais foram conhecer as instala\u00e7\u00f5es da Casa da Mulher Brasileira, que teve seu projeto idealizado pelo Governo Dilma e apesar da estrutura f\u00edsica estar pronta, lamentaram o espa\u00e7o n\u00e3o estar em pleno funcionamento. \u201cDesde a idealiza\u00e7\u00e3o do projeto, ele n\u00e3o foi implementado. Como hoje n\u00e3o temos mais a Secretaria que organizava a documenta\u00e7\u00e3o e os CNPJ, o local est\u00e1 sem uso e se deteriorando\u201d, disse Elaine.<\/p>\n<p>Na sexta-feira (4), as mulheres tamb\u00e9m estiveram reunidas num ato na Avenida Paulista, clamando por justi\u00e7a para o recente caso da violinista, Mayara Amaral, que comoveu o pa\u00eds por ter seus sonhos interrompidos pelo ato violento de tr\u00eas homens, no dia 27 de julho deste ano. \u201cSomos v\u00e1rias Mayaras em busca de justi\u00e7a para que casos como esse e tantos outros, que infelizmente ocorrem, n\u00e3o fiquem impunes&#8221;, finaliza. <\/p>\n<p>\u00a0<\/p>\n<p>Fonte: Contraf-CUT<\/p>\n","protected":false},"excerpt":{"rendered":"<p>A Lei Maria da Penha completa, nesta segunda-feira (7), 11 anos de combate aos crimes de viol\u00eancia f\u00edsica, psicol\u00f3gica, sexual, patrimonial e moral contra as mulheres. Mesmo ap\u00f3s sua cria\u00e7\u00e3o, ainda \u00e9 preciso refor\u00e7ar a import\u00e2ncia de efetiva\u00e7\u00e3o da lei e do fortalecimento da rede de prote\u00e7\u00e3o as v\u00edtimas. A lei 11.340, conhecida como Lei [&hellip;]<\/p>\n","protected":false},"author":2,"featured_media":2786,"comment_status":"","ping_status":"","sticky":false,"template":"","format":"standard","meta":{"footnotes":""},"categories":[3],"tags":[],"class_list":["post-2787","post","type-post","status-publish","format-standard","has-post-thumbnail","hentry","category-noticias"],"_links":{"self":[{"href":"https:\/\/hostnetart.com.br\/baixada\/wp-json\/wp\/v2\/posts\/2787","targetHints":{"allow":["GET"]}}],"collection":[{"href":"https:\/\/hostnetart.com.br\/baixada\/wp-json\/wp\/v2\/posts"}],"about":[{"href":"https:\/\/hostnetart.com.br\/baixada\/wp-json\/wp\/v2\/types\/post"}],"author":[{"embeddable":true,"href":"https:\/\/hostnetart.com.br\/baixada\/wp-json\/wp\/v2\/users\/2"}],"replies":[{"embeddable":true,"href":"https:\/\/hostnetart.com.br\/baixada\/wp-json\/wp\/v2\/comments?post=2787"}],"version-history":[{"count":0,"href":"https:\/\/hostnetart.com.br\/baixada\/wp-json\/wp\/v2\/posts\/2787\/revisions"}],"wp:featuredmedia":[{"embeddable":true,"href":"https:\/\/hostnetart.com.br\/baixada\/wp-json\/wp\/v2\/media\/2786"}],"wp:attachment":[{"href":"https:\/\/hostnetart.com.br\/baixada\/wp-json\/wp\/v2\/media?parent=2787"}],"wp:term":[{"taxonomy":"category","embeddable":true,"href":"https:\/\/hostnetart.com.br\/baixada\/wp-json\/wp\/v2\/categories?post=2787"},{"taxonomy":"post_tag","embeddable":true,"href":"https:\/\/hostnetart.com.br\/baixada\/wp-json\/wp\/v2\/tags?post=2787"}],"curies":[{"name":"wp","href":"https:\/\/api.w.org\/{rel}","templated":true}]}}