{"id":2783,"date":"2017-08-07T20:48:05","date_gmt":"2017-08-07T23:48:05","guid":{"rendered":"https:\/\/hostnetart.com.br\/baixada\/cut-participa-de-entrega-de-manifesto-pela-paz-na-venezuela\/"},"modified":"2017-08-07T20:48:05","modified_gmt":"2017-08-07T23:48:05","slug":"cut-participa-de-entrega-de-manifesto-pela-paz-na-venezuela","status":"publish","type":"post","link":"https:\/\/hostnetart.com.br\/baixada\/cut-participa-de-entrega-de-manifesto-pela-paz-na-venezuela\/","title":{"rendered":"CUT participa de entrega de Manifesto Pela Paz na Venezuela"},"content":{"rendered":"<p>Na manh\u00e3 desta sexta-feira (04) a CUT participou do ato de entrega do Manifesto pela Paz na Venezuela ao C\u00f4nsul-Geral da Venezuela em S\u00e3o Paulo, Robert Torrealba. No documento, assinado por dezenas de entidades do movimento social, al\u00e9m de partidos e meios de comunica\u00e7\u00e3o, os brasileiros expressam solidariedade ao processo constituinte e \u00e0 luta do povo venezuelano pela paz. Torrealba afirmou que \u201ca solidariedade \u00e9 o caminho para a paz e a integra\u00e7\u00e3o\u201d.<\/p>\n<p>O Secret\u00e1rio Adjunto de Rela\u00e7\u00f5es Internacionais da CUT, Ariovaldo de Camargo, afirmou que a Central segue junto na luta pela democracia e pelos direitos das trabalhadoras e trabalhadores da Venezuela.<\/p>\n<p>Leia abaixo o manifesto:<\/p>\n<p><strong>MANIFESTO PELA PAZ NA VENEZUELA<\/strong><\/p>\n<p>O povo venezuelano, livre e soberano, retomou em suas m\u00e3os o poder origin\u00e1rio, elegendo massivamente representantes para a Assembleia Nacional Constituinte.<\/p>\n<p>Mais de oito milh\u00f5es compareceram \u00e0s urnas, apesar do boicote e da sabotagem de grupos antidemocr\u00e1ticos, em um processo acompanhado por personalidades jur\u00eddicas e pol\u00edticas internacionais que atestaram lisura e transpar\u00eancia.<\/p>\n<p>Todas as cidades, classes e setores est\u00e3o presentes, com seus delegados, na m\u00e1xima institui\u00e7\u00e3o da democracia venezuelana.<\/p>\n<p>A Constituinte \u00e9 o caminho para a paz e a normalidade, para retomar o caminho do desenvolvimento e da prosperidade, para superar a crise institucional e construir um programa que reunifique a p\u00e1tria vizinha.<\/p>\n<p>De forma pac\u00edfica e democr\u00e1tica, milh\u00f5es de cidad\u00e3os e cidad\u00e3s disseram n\u00e3o aos bandos terroristas, \u00e0s elites mesquinhas, aos golpistas e \u00e0 inger\u00eancia de outros governos.<\/p>\n<p>Homens e mulheres de bem, no mundo todo, devem celebrar esse gesto hist\u00f3rico de autodetermina\u00e7\u00e3o da Venezuela, repudiando as amea\u00e7as intervencionistas e se somando a uma grande corrente de solidariedade.<\/p>\n<p>Tamb\u00e9m no Brasil se far\u00e3o ouvir as vozes que recha\u00e7am a viol\u00eancia e a sabotagem contra o governo leg\u00edtimo do presidente Nicol\u00e1s Maduro.<\/p>\n<p>Qual moral tem um usurpador como Michel Temer para falar em democracia, violando a pr\u00f3pria Constitui\u00e7\u00e3o de nosso pa\u00eds, ao adotar posi\u00e7\u00f5es que ofendem a independ\u00eancia venezuelana?<\/p>\n<p>O Brasil n\u00e3o pode passar pela inf\u00e2mia de se aliar a governos que conspiram contra uma na\u00e7\u00e3o livre e se associam a fac\u00e7\u00f5es dedicadas a tomar o poder de assalto, apelando para o caos e a coa\u00e7\u00e3o.<\/p>\n<p>Convocamos todos os brasileiros e brasileiras \u00e0 defesa da democracia e da autodetermina\u00e7\u00e3o de nossos irm\u00e3os venezuelanos, ao seu direito de viver em paz e a definir o pr\u00f3prio destino.<\/p>\n<p>Repudiamos as manobras de bloqueio e agress\u00e3o que est\u00e3o sendo tramadas nas sombras da Organiza\u00e7\u00e3o dos Estados Americanos (OEA), sob a batuta da Casa Branca e com a cumplicidade do governo golpista de nosso pa\u00eds.<\/p>\n<p>Denunciamos o comportamento repulsivo dos meios de comunica\u00e7\u00e3o que manipulam informa\u00e7\u00f5es e atropelam a verdade, para servir a um plano de desestabiliza\u00e7\u00e3o e isolamento.<\/p>\n<p>Declaramos nossa solidariedade ao bravo povo de Bol\u00edvar. Sua luta pela paz tamb\u00e9m \u00e9 nossa.<\/p>\n<p>COMIT\u00ca BRASILEIRO PELA PAZ NA VENEZUELA<\/p>\n<p>S\u00e3o Paulo, 01 de agosto de 2017.<\/p>\n<p>*PRIMEIRAS ADES\u00d5ES<\/p>\n<p>Receberemos ades\u00f5es individuais e de organiza\u00e7\u00f5es somente por e-mail (paznavenezuelabr@gmail.com) at\u00e9 o dia 08 de agosto de 2017.<\/p>\n<p>ORGANIZA\u00c7\u00d5ES:<\/p>\n<p>1.\u00a0\u00a0\u00a0\u00a0\u00a0\u00a0\u00a0\u00a0 Articula\u00e7\u00e3o brasileira dos movimentos sociais da ALBA<\/p>\n<p>2.\u00a0\u00a0\u00a0\u00a0\u00a0\u00a0\u00a0\u00a0 Brigadas Populares<\/p>\n<p>3.\u00a0\u00a0\u00a0\u00a0\u00a0\u00a0\u00a0\u00a0 Campanha Brasil Justo para todos e para Lula<\/p>\n<p>4.\u00a0\u00a0\u00a0\u00a0\u00a0\u00a0\u00a0\u00a0 Central de Movimentos Populares \u2013 CMP<\/p>\n<p>5.\u00a0\u00a0\u00a0\u00a0\u00a0\u00a0\u00a0\u00a0 Central dos Trabalhadores e Trabalhadoras do Brasil \u2013 CTB<\/p>\n<p>6.\u00a0\u00a0\u00a0\u00a0\u00a0\u00a0\u00a0\u00a0 Central \u00danica dos Trabalhadores \u2013 CUT<\/p>\n<p>7.\u00a0\u00a0\u00a0\u00a0\u00a0\u00a0\u00a0\u00a0 Centro Brasileiro de Solidariedade aos Povos e Luta pela Paz \u2013 Cebrapaz<\/p>\n<p>8.\u00a0\u00a0\u00a0\u00a0\u00a0\u00a0\u00a0\u00a0 Centro de Estudos da M\u00eddia Alternativa Bar\u00e3o de Itarar\u00e9<\/p>\n<p>9.\u00a0\u00a0\u00a0\u00a0\u00a0\u00a0\u00a0\u00a0 Centro de Estudos e Pesquisa Ruy Mauro Marini<\/p>\n<p>10.\u00a0\u00a0\u00a0\u00a0\u00a0\u00a0 Coletivo Poder Popular<\/p>\n<p>11.\u00a0\u00a0\u00a0\u00a0\u00a0\u00a0 Conselho Mundial da Paz \u2013 CMP<\/p>\n<p>12.\u00a0\u00a0\u00a0\u00a0\u00a0\u00a0 Consulta Popular<\/p>\n<p>13.\u00a0\u00a0\u00a0\u00a0\u00a0\u00a0 Coordena\u00e7\u00e3o Nacional de Entidades Negras \u2013 CONEN<\/p>\n<p>14.\u00a0\u00a0\u00a0\u00a0\u00a0\u00a0 Democracia no Ar<\/p>\n<p>15.\u00a0\u00a0\u00a0\u00a0\u00a0\u00a0 F\u00f3rum Nacional pela Democratiza\u00e7\u00e3o da Comunica\u00e7\u00e3o \u2013 FNDC<\/p>\n<p>16.\u00a0\u00a0\u00a0\u00a0\u00a0\u00a0 Funda\u00e7\u00e3o Perseu Abramo<\/p>\n<p>17.\u00a0\u00a0\u00a0\u00a0\u00a0\u00a0 Instituto Astrojildo Pereira<\/p>\n<p>18.\u00a0\u00a0\u00a0\u00a0\u00a0\u00a0 Intersindical \u2013 Central da Classe Trabalhadora<\/p>\n<p>19.\u00a0\u00a0\u00a0\u00a0\u00a0\u00a0 Levante Popular da Juventude<\/p>\n<p>20.\u00a0\u00a0\u00a0\u00a0\u00a0\u00a0 Marcha Mundial de Mulheres \u2013 MMM<\/p>\n<p>21.\u00a0\u00a0\u00a0\u00a0\u00a0\u00a0 Movimento dos Atingidos por Barragens \u2013 MAB<\/p>\n<p>22.\u00a0\u00a0\u00a0\u00a0\u00a0\u00a0 Movimento dos Pequenos Agricultores &#8211; MPA<\/p>\n<p>23.\u00a0\u00a0\u00a0\u00a0\u00a0\u00a0 Movimento dos Trabalhadores Rurais Sem Terra \u2013 MST<\/p>\n<p>24.\u00a0\u00a0\u00a0\u00a0\u00a0\u00a0 Movimento pela Soberania Popular na Minera\u00e7\u00e3o \u2013 MAM<\/p>\n<p>25.\u00a0\u00a0\u00a0\u00a0\u00a0\u00a0 Partido Comunista do Brasil \u2013 PCdoB<\/p>\n<p>26.\u00a0\u00a0\u00a0\u00a0\u00a0\u00a0 Partido dos Trabalhadores \u2013 PT<\/p>\n<p>27.\u00a0\u00a0\u00a0\u00a0\u00a0\u00a0 Rede De M\u00e9dicas e M\u00e9dicos Populares<\/p>\n<p>28.\u00a0\u00a0\u00a0\u00a0\u00a0\u00a0 Sindicato dos Arquitetos<\/p>\n<p>29.\u00a0\u00a0\u00a0\u00a0\u00a0\u00a0 Sindicato dos Banc\u00e1rios de Santos<\/p>\n<p>30.\u00a0\u00a0\u00a0\u00a0\u00a0\u00a0 Uni\u00e3o Brasileira de Mulheres \u2013 UBM<\/p>\n<p>31.\u00a0\u00a0\u00a0\u00a0\u00a0\u00a0 Uni\u00e3o Brasileira dos Estudantes Secundaristas \u2013 UBES<\/p>\n<p>32.\u00a0\u00a0\u00a0\u00a0\u00a0\u00a0 Uni\u00e3o da Juventude Socialista \u2013 UJS<\/p>\n<p>33.\u00a0\u00a0\u00a0\u00a0\u00a0\u00a0 Uni\u00e3o Nacional dos Estudantes \u2013 UNE<\/p>\n","protected":false},"excerpt":{"rendered":"<p>Na manh\u00e3 desta sexta-feira (04) a CUT participou do ato de entrega do Manifesto pela Paz na Venezuela ao C\u00f4nsul-Geral da Venezuela em S\u00e3o Paulo, Robert Torrealba. No documento, assinado por dezenas de entidades do movimento social, al\u00e9m de partidos e meios de comunica\u00e7\u00e3o, os brasileiros expressam solidariedade ao processo constituinte e \u00e0 luta do [&hellip;]<\/p>\n","protected":false},"author":2,"featured_media":2782,"comment_status":"","ping_status":"","sticky":false,"template":"","format":"standard","meta":{"footnotes":""},"categories":[3],"tags":[],"class_list":["post-2783","post","type-post","status-publish","format-standard","has-post-thumbnail","hentry","category-noticias"],"_links":{"self":[{"href":"https:\/\/hostnetart.com.br\/baixada\/wp-json\/wp\/v2\/posts\/2783","targetHints":{"allow":["GET"]}}],"collection":[{"href":"https:\/\/hostnetart.com.br\/baixada\/wp-json\/wp\/v2\/posts"}],"about":[{"href":"https:\/\/hostnetart.com.br\/baixada\/wp-json\/wp\/v2\/types\/post"}],"author":[{"embeddable":true,"href":"https:\/\/hostnetart.com.br\/baixada\/wp-json\/wp\/v2\/users\/2"}],"replies":[{"embeddable":true,"href":"https:\/\/hostnetart.com.br\/baixada\/wp-json\/wp\/v2\/comments?post=2783"}],"version-history":[{"count":0,"href":"https:\/\/hostnetart.com.br\/baixada\/wp-json\/wp\/v2\/posts\/2783\/revisions"}],"wp:featuredmedia":[{"embeddable":true,"href":"https:\/\/hostnetart.com.br\/baixada\/wp-json\/wp\/v2\/media\/2782"}],"wp:attachment":[{"href":"https:\/\/hostnetart.com.br\/baixada\/wp-json\/wp\/v2\/media?parent=2783"}],"wp:term":[{"taxonomy":"category","embeddable":true,"href":"https:\/\/hostnetart.com.br\/baixada\/wp-json\/wp\/v2\/categories?post=2783"},{"taxonomy":"post_tag","embeddable":true,"href":"https:\/\/hostnetart.com.br\/baixada\/wp-json\/wp\/v2\/tags?post=2783"}],"curies":[{"name":"wp","href":"https:\/\/api.w.org\/{rel}","templated":true}]}}