{"id":2781,"date":"2017-08-07T20:39:07","date_gmt":"2017-08-07T23:39:07","guid":{"rendered":"https:\/\/hostnetart.com.br\/baixada\/funcef-tera-novo-equacionamento\/"},"modified":"2017-08-07T20:39:07","modified_gmt":"2017-08-07T23:39:07","slug":"funcef-tera-novo-equacionamento","status":"publish","type":"post","link":"https:\/\/hostnetart.com.br\/baixada\/funcef-tera-novo-equacionamento\/","title":{"rendered":"Funcef ter\u00e1 novo equacionamento"},"content":{"rendered":"<p><span style=\"text-decoration: underline;\"><em>Todos os planos de benef\u00edcio ficaram abaixo da meta atuarial. Segundo os n\u00fameros, o contencioso cresceu 21,6% de 2015 para 2016<\/em><\/span><\/p>\n<p>Na \u00faltima sexta-feira (4), ap\u00f3s muitos meses de atraso, a Funcef divulgou o balan\u00e7o anual de 2016. Todos os planos ficaram abaixo da meta atuarial. O que mais se aproximou da meta foi o Novo Plano, com rentabilidade de 12,37% ante o esperado de 12,58%. Os demais permaneceram muito abaixo do esperado. Apesar do tom otimista com que a Funcef divulgou os resultados, o Reg\/Replan Saldado acumula deficit a equacionar de R$ 5,4 bilh\u00f5es, e o N\u00e3o Saldado, R$ 1,214 bilh\u00e3o. Os valores dever\u00e3o ser objeto de novo equacionamento e, consequentemente, novas contribui\u00e7\u00f5es extraordin\u00e1rias aos participantes desses planos. Novo Plano e REB n\u00e3o ter\u00e3o contribui\u00e7\u00f5es extras.<\/p>\n<p>\u201cA Funda\u00e7\u00e3o afirma que inicia recupera\u00e7\u00e3o, mas o fato \u00e9 que ainda h\u00e1 um novo deficit a equacionar e, de acordo com a lei, o respectivo plano de equacionamento ter\u00e1 que ser definido at\u00e9 dezembro\u201d, afirma o presidente da Fenae, Jair Pedro Ferreira.<\/p>\n<p>Os n\u00fameros do balan\u00e7o anual de 2016 da Funcef foram analisados pela Subse\u00e7\u00e3o Apcef\/SP do Departamento Intersindical de Estat\u00edstica e Estudos Econ\u00f4mico (Dieese).<\/p>\n<p>Contencioso continua crescendo<br \/>O passivo trabalhista da Caixa, que vem sendo pago pela Funcef com o dinheiro dos participantes, conhecido como contencioso, cresceu 21,6% de 2015 para 2016, o que representa um aumento de R$ 430 milh\u00f5es. A maior parte das a\u00e7\u00f5es, segundo os dados do balan\u00e7o, se refere a fun\u00e7\u00e3o de confian\u00e7a e CTVA. Diferentemente de ativos de investimentos que podem se desvalorizar e recuperar valor, a sa\u00edda de recursos por condena\u00e7\u00e3o judicial sem a integraliza\u00e7\u00e3o de reserva \u00e9 perda sem retorno, literalmente preju\u00edzo.<\/p>\n<p>\u201cGrande parte do novo equacionamento pelo qual os planos de benef\u00edcios ter\u00e3o que passar resulta do contencioso, uma d\u00edvida que a Caixa protela para n\u00e3o reconhecer e pagar. Enquanto isso, os participantes v\u00e3o sendo castigados por essa irresponsabilidade&#8221;, alerta a diretora de Sa\u00fade e Previd\u00eancia da Fenae, Fabiana Matheus.<\/p>\n","protected":false},"excerpt":{"rendered":"<p>Todos os planos de benef\u00edcio ficaram abaixo da meta atuarial. Segundo os n\u00fameros, o contencioso cresceu 21,6% de 2015 para 2016 Na \u00faltima sexta-feira (4), ap\u00f3s muitos meses de atraso, a Funcef divulgou o balan\u00e7o anual de 2016. Todos os planos ficaram abaixo da meta atuarial. O que mais se aproximou da meta foi o [&hellip;]<\/p>\n","protected":false},"author":2,"featured_media":2780,"comment_status":"","ping_status":"","sticky":false,"template":"","format":"standard","meta":{"footnotes":""},"categories":[3],"tags":[],"class_list":["post-2781","post","type-post","status-publish","format-standard","has-post-thumbnail","hentry","category-noticias"],"_links":{"self":[{"href":"https:\/\/hostnetart.com.br\/baixada\/wp-json\/wp\/v2\/posts\/2781","targetHints":{"allow":["GET"]}}],"collection":[{"href":"https:\/\/hostnetart.com.br\/baixada\/wp-json\/wp\/v2\/posts"}],"about":[{"href":"https:\/\/hostnetart.com.br\/baixada\/wp-json\/wp\/v2\/types\/post"}],"author":[{"embeddable":true,"href":"https:\/\/hostnetart.com.br\/baixada\/wp-json\/wp\/v2\/users\/2"}],"replies":[{"embeddable":true,"href":"https:\/\/hostnetart.com.br\/baixada\/wp-json\/wp\/v2\/comments?post=2781"}],"version-history":[{"count":0,"href":"https:\/\/hostnetart.com.br\/baixada\/wp-json\/wp\/v2\/posts\/2781\/revisions"}],"wp:featuredmedia":[{"embeddable":true,"href":"https:\/\/hostnetart.com.br\/baixada\/wp-json\/wp\/v2\/media\/2780"}],"wp:attachment":[{"href":"https:\/\/hostnetart.com.br\/baixada\/wp-json\/wp\/v2\/media?parent=2781"}],"wp:term":[{"taxonomy":"category","embeddable":true,"href":"https:\/\/hostnetart.com.br\/baixada\/wp-json\/wp\/v2\/categories?post=2781"},{"taxonomy":"post_tag","embeddable":true,"href":"https:\/\/hostnetart.com.br\/baixada\/wp-json\/wp\/v2\/tags?post=2781"}],"curies":[{"name":"wp","href":"https:\/\/api.w.org\/{rel}","templated":true}]}}