{"id":2777,"date":"2017-08-04T20:05:41","date_gmt":"2017-08-04T23:05:41","guid":{"rendered":"https:\/\/hostnetart.com.br\/baixada\/pdve-do-bradesco-foi-pauta-de-reuniao-com-bancarios-de-campos-dos-goytacazes-e-regiao-rj\/"},"modified":"2017-08-04T20:05:41","modified_gmt":"2017-08-04T23:05:41","slug":"pdve-do-bradesco-foi-pauta-de-reuniao-com-bancarios-de-campos-dos-goytacazes-e-regiao-rj","status":"publish","type":"post","link":"https:\/\/hostnetart.com.br\/baixada\/pdve-do-bradesco-foi-pauta-de-reuniao-com-bancarios-de-campos-dos-goytacazes-e-regiao-rj\/","title":{"rendered":"PDVE do Bradesco foi pauta de reuni\u00e3o com banc\u00e1rios de Campos dos Goytacazes e Regi\u00e3o (RJ)"},"content":{"rendered":"<p><span style=\"text-decoration: underline;\"><em>Sindicato reuniu funcion\u00e1rios do banco para esclarecer d\u00favidas e expor posi\u00e7\u00e3o do movimento sindical sobre o plano do banco<\/em><\/span><\/p>\n<p>O Sindicato dos Banc\u00e1rios de Campos dos Goytacazes e Regi\u00e3o (RJ) se reuniu com funcion\u00e1rios do Bradesco nesta quinta-feira (3) \u00e0 noite para esclarecer d\u00favidas sobre o Plano de Desligamento Volunt\u00e1rio Especial (PDVE) lan\u00e7ado pelo banco no dia 13 de julho. A ades\u00e3o pode ser feita at\u00e9 31\/8.<\/p>\n<p>O sindicato deixou claro que \u00e9 contra qualquer forma de coa\u00e7\u00e3o e de que seja instalado um ambiente de instabilidade dos trabalhadores. &#8220;O sindicato n\u00e3o concorda com PDV, nem apoia nenhuma iniciativa que tenha o objetivo de reduzir ainda mais o quadro de funcion\u00e1rios&#8221;, disse o secret\u00e1rio jur\u00eddico Hugo Diniz, que faz parte da Comiss\u00e3o de Organiza\u00e7\u00e3o dos Empregados do Bradesco (COE), que re\u00fane representantes dos funcion\u00e1rios do banco de todo o pa\u00eds.<\/p>\n<p>Quando o PDVE do Bradesco foi lan\u00e7ado, o presidente da Confedera\u00e7\u00e3o Nacional dos Trabalhadores do Ramo Financeiro (Contraf-CUT) deixou claro sindicatos negociam com os bancos a contrata\u00e7\u00e3o de novos funcion\u00e1rios, n\u00e3o planos de demiss\u00e3o. \u201cN\u00e3o temos o que falar sobre a decis\u00e3o pessoal de cada trabalhador. Apenas os instru\u00edmos a ler com aten\u00e7\u00e3o o regulamento para ver se as condi\u00e7\u00f5es s\u00e3o boas para eles. \u00c9 uma decis\u00e3o pessoal e definitiva, que deve ser tomada com cuidado. O que preocupa \u00e9 o coletivo e os poss\u00edveis preju\u00edzos que o PDVE trar\u00e1 para os trabalhadores que permanecer\u00e3o na empresa\u201d, explicou Roberto von der Osten, presidente da Contraf-CUT.<\/p>\n<p>A orienta\u00e7\u00e3o do Sindicato dos Banc\u00e1rios de Campos dos Goytacazes e Regi\u00e3o (RJ) aos funcion\u00e1rios do Bradesco, que passaram a conviver ainda mais com a inseguran\u00e7a de perderem seus empregos desde que foi lan\u00e7ado o PDVE, j\u00e1 seguindo a cartilha das reformas do governo Temer \u00e9 resistir \u00e0 press\u00e3o imposta pelo banco.<\/p>\n<p>No entendimento do movimento sindical esse PDVE s\u00f3 est\u00e1 acontecendo porque o Brasil sofreu um golpe que visa atacar os direitos sociais e trabalhistas e que levou ao aprofundamento da crise econ\u00f4mica. \u201cEstamos h\u00e1 dois anos com uma economia em recess\u00e3o e com uma pol\u00edtica que em vez de gerar desenvolvimento econ\u00f4mico e cria\u00e7\u00e3o de emprego s\u00f3 aprofunda a recess\u00e3o\u201d, observou Juvandia Moreira, vice-presidenta da Contraf-CUT, que \u00e9 funcion\u00e1ria do Bradesco.<\/p>\n<p><strong>As informa\u00e7\u00f5es s\u00e3o do Seeb\/Campos de Goytacazes e Regi\u00e3o.<\/strong><\/p>\n","protected":false},"excerpt":{"rendered":"<p>Sindicato reuniu funcion\u00e1rios do banco para esclarecer d\u00favidas e expor posi\u00e7\u00e3o do movimento sindical sobre o plano do banco O Sindicato dos Banc\u00e1rios de Campos dos Goytacazes e Regi\u00e3o (RJ) se reuniu com funcion\u00e1rios do Bradesco nesta quinta-feira (3) \u00e0 noite para esclarecer d\u00favidas sobre o Plano de Desligamento Volunt\u00e1rio Especial (PDVE) lan\u00e7ado pelo banco [&hellip;]<\/p>\n","protected":false},"author":2,"featured_media":2776,"comment_status":"","ping_status":"","sticky":false,"template":"","format":"standard","meta":{"footnotes":""},"categories":[3],"tags":[],"class_list":["post-2777","post","type-post","status-publish","format-standard","has-post-thumbnail","hentry","category-noticias"],"_links":{"self":[{"href":"https:\/\/hostnetart.com.br\/baixada\/wp-json\/wp\/v2\/posts\/2777","targetHints":{"allow":["GET"]}}],"collection":[{"href":"https:\/\/hostnetart.com.br\/baixada\/wp-json\/wp\/v2\/posts"}],"about":[{"href":"https:\/\/hostnetart.com.br\/baixada\/wp-json\/wp\/v2\/types\/post"}],"author":[{"embeddable":true,"href":"https:\/\/hostnetart.com.br\/baixada\/wp-json\/wp\/v2\/users\/2"}],"replies":[{"embeddable":true,"href":"https:\/\/hostnetart.com.br\/baixada\/wp-json\/wp\/v2\/comments?post=2777"}],"version-history":[{"count":0,"href":"https:\/\/hostnetart.com.br\/baixada\/wp-json\/wp\/v2\/posts\/2777\/revisions"}],"wp:featuredmedia":[{"embeddable":true,"href":"https:\/\/hostnetart.com.br\/baixada\/wp-json\/wp\/v2\/media\/2776"}],"wp:attachment":[{"href":"https:\/\/hostnetart.com.br\/baixada\/wp-json\/wp\/v2\/media?parent=2777"}],"wp:term":[{"taxonomy":"category","embeddable":true,"href":"https:\/\/hostnetart.com.br\/baixada\/wp-json\/wp\/v2\/categories?post=2777"},{"taxonomy":"post_tag","embeddable":true,"href":"https:\/\/hostnetart.com.br\/baixada\/wp-json\/wp\/v2\/tags?post=2777"}],"curies":[{"name":"wp","href":"https:\/\/api.w.org\/{rel}","templated":true}]}}