{"id":2775,"date":"2017-08-04T20:02:02","date_gmt":"2017-08-04T23:02:02","guid":{"rendered":"https:\/\/hostnetart.com.br\/baixada\/previ-contribuicoes-2c-estao-isentas-da-taxa-de-carregamento\/"},"modified":"2017-08-04T20:02:02","modified_gmt":"2017-08-04T23:02:02","slug":"previ-contribuicoes-2c-estao-isentas-da-taxa-de-carregamento","status":"publish","type":"post","link":"https:\/\/hostnetart.com.br\/baixada\/previ-contribuicoes-2c-estao-isentas-da-taxa-de-carregamento\/","title":{"rendered":"Previ: Contribui\u00e7\u00f5es 2C est\u00e3o isentas da taxa de carregamento"},"content":{"rendered":"<p>As contribui\u00e7\u00f5es facultativas da Previ, exclusivas do participante 2C, mensais e espor\u00e1dicas, agora est\u00e3o isentas da taxa de carregamento. A medida come\u00e7a a valer para os pagamentos realizados a partir de agosto de 2017 e, al\u00e9m de ser um pedido dos participantes, est\u00e1 alinhada ao objetivo estrat\u00e9gico de maximiza\u00e7\u00e3o do benef\u00edcio do participante do Previ Futuro.<\/p>\n<p>O aporte na 2C \u00e9 um esfor\u00e7o \u00fanico e exclusivo do associado, sem a contrapartida do patrocinador (Banco do Brasil), e a sua isen\u00e7\u00e3o possibilita incrementar o saldo de conta individual e, consequentemente, o valor do benef\u00edcio de aposentadoria, o que aumenta a atratividade dessa contribui\u00e7\u00e3o extra.<\/p>\n<p>A taxa de carregamento \u00e9 destinada ao pagamento das despesas administrativas dos planos de benef\u00edcios, cujas sobras formam o Fundo Administrativo. A\u00e7\u00f5es que desoneram o participante t\u00eam impacto positivo em seu benef\u00edcio, por\u00e9m negativo nesse Fundo. Em fun\u00e7\u00e3o disso, o Conselho Deliberativo da Previ solicitou estudo sobre o impacto dessa isen\u00e7\u00e3o.<\/p>\n<p>Em 2016, os aportes na 2C representaram 0,78% do total das contribui\u00e7\u00f5es recebidas pelo Previ Futuro, o maior percentual j\u00e1 registrado para essa subparte no total geral de contribui\u00e7\u00f5es. Entretanto, dada a pequena representatividade, o estudo concluiu que a isen\u00e7\u00e3o da taxa de carregamento na 2C pode ser implementada sem grandes impactos na manuten\u00e7\u00e3o do Fundo Administrativo do plano de benef\u00edcios.<\/p>\n<p>Para Wagner Nascimento, coordenador da Comiss\u00e3o de Empresa dos Funcion\u00e1rios do BB e Conselho Deliberativo na Previ, a isen\u00e7\u00e3o da taxa de carregamento \u00e9 um bom incentivo para que os funcion\u00e1rios aumentem ou comecem a fazer suas contribui\u00e7\u00f5es na parte 2C para melhorar os benef\u00edcios. \u201cA implanta\u00e7\u00e3o desta medida refor\u00e7a o compromisso com os associados da Previ que querem mecanismos para aumentar a rentabilidade e o melhorar o benef\u00edcio final de aposentadoria.<br \/>Continuaremos trabalhando para que possamos reduzir as taxas de carregamento de forma a melhorar para o associado e garantir a sustentabilidade do Plano Previ Futuro.&#8221;<\/p>\n<p>A contribui\u00e7\u00e3o pode ser feita pelo autoatendimento do site da Previ, op\u00e7\u00e3o Contribui\u00e7\u00f5es, onde tamb\u00e9m \u00e9 poss\u00edvel consultar todas as contribui\u00e7\u00f5es e verificar valor e percentual de cada uma delas: a b\u00e1sica (1 e 2A), pessoal e patronal; a de evolu\u00e7\u00e3o na carreira (2B), que tamb\u00e9m tem contrapartida do Banco; e a facultativa exclusiva do participante (2C), mensal ou espor\u00e1dica.<\/p>\n<p>Para efetuar a Contribui\u00e7\u00e3o 2C, basta acessar a op\u00e7\u00e3o Contribui\u00e7\u00f5es &gt; Contribui\u00e7\u00f5es 2C. Para a contribui\u00e7\u00e3o mensal, \u00e9 preciso definir o percentual (m\u00ednimo de 2% do Sal\u00e1rio de Participa\u00e7\u00e3o), autorizar e confirmar o d\u00e9bito em conta corrente. <\/p>\n<p>Em caso de contribui\u00e7\u00e3o espor\u00e1dica, o usu\u00e1rio ter\u00e1 de definir a data e o valor para d\u00e9bito (m\u00ednimo de 20% do Sal\u00e1rio de Participa\u00e7\u00e3o), autorizar e confirmar para concluir a opera\u00e7\u00e3o.<\/p>\n<p>O participante pode simular o impacto que as contribui\u00e7\u00f5es facultativas ter\u00e3o em seu benef\u00edcio futuro, atrav\u00e9s do Simulador de Renda, tamb\u00e9m dispon\u00edvel no Autoatendimento do site Previ, que oferece tr\u00eas op\u00e7\u00f5es de c\u00e1lculo: pela contribui\u00e7\u00e3o atual, pela renda bruta desejada e pela contribui\u00e7\u00e3o desejada.<\/p>\n<p>\u00a0<\/p>\n<p><strong>Fonte: Contraf-CUT<\/strong><\/p>\n","protected":false},"excerpt":{"rendered":"<p>As contribui\u00e7\u00f5es facultativas da Previ, exclusivas do participante 2C, mensais e espor\u00e1dicas, agora est\u00e3o isentas da taxa de carregamento. A medida come\u00e7a a valer para os pagamentos realizados a partir de agosto de 2017 e, al\u00e9m de ser um pedido dos participantes, est\u00e1 alinhada ao objetivo estrat\u00e9gico de maximiza\u00e7\u00e3o do benef\u00edcio do participante do Previ [&hellip;]<\/p>\n","protected":false},"author":2,"featured_media":2774,"comment_status":"","ping_status":"","sticky":false,"template":"","format":"standard","meta":{"footnotes":""},"categories":[3],"tags":[],"class_list":["post-2775","post","type-post","status-publish","format-standard","has-post-thumbnail","hentry","category-noticias"],"_links":{"self":[{"href":"https:\/\/hostnetart.com.br\/baixada\/wp-json\/wp\/v2\/posts\/2775","targetHints":{"allow":["GET"]}}],"collection":[{"href":"https:\/\/hostnetart.com.br\/baixada\/wp-json\/wp\/v2\/posts"}],"about":[{"href":"https:\/\/hostnetart.com.br\/baixada\/wp-json\/wp\/v2\/types\/post"}],"author":[{"embeddable":true,"href":"https:\/\/hostnetart.com.br\/baixada\/wp-json\/wp\/v2\/users\/2"}],"replies":[{"embeddable":true,"href":"https:\/\/hostnetart.com.br\/baixada\/wp-json\/wp\/v2\/comments?post=2775"}],"version-history":[{"count":0,"href":"https:\/\/hostnetart.com.br\/baixada\/wp-json\/wp\/v2\/posts\/2775\/revisions"}],"wp:featuredmedia":[{"embeddable":true,"href":"https:\/\/hostnetart.com.br\/baixada\/wp-json\/wp\/v2\/media\/2774"}],"wp:attachment":[{"href":"https:\/\/hostnetart.com.br\/baixada\/wp-json\/wp\/v2\/media?parent=2775"}],"wp:term":[{"taxonomy":"category","embeddable":true,"href":"https:\/\/hostnetart.com.br\/baixada\/wp-json\/wp\/v2\/categories?post=2775"},{"taxonomy":"post_tag","embeddable":true,"href":"https:\/\/hostnetart.com.br\/baixada\/wp-json\/wp\/v2\/tags?post=2775"}],"curies":[{"name":"wp","href":"https:\/\/api.w.org\/{rel}","templated":true}]}}